{"id":5574,"date":"2017-08-08T19:19:35","date_gmt":"2017-08-08T22:19:35","guid":{"rendered":"https:\/\/blogs.correiobraziliense.com.br\/vicente\/?p=5574"},"modified":"2017-08-08T20:02:53","modified_gmt":"2017-08-08T23:02:53","slug":"planalto-nega-que-fara-proposta-por-alta-de-imposto-de-renda","status":"publish","type":"post","link":"https:\/\/blogs.correiobraziliense.com.br\/vicente\/planalto-nega-que-fara-proposta-por-alta-de-imposto-de-renda\/","title":{"rendered":"Planalto nega que propor\u00e1 alta de Imposto de Renda"},"content":{"rendered":"<h2>POR ANTONIO TEM\u00d3TEO<\/h2>\n<h2><\/h2>\n<h2>Ap\u00f3s diversas manifesta\u00e7\u00f5es de aliados contr\u00e1rios a alta das al\u00edquotas de Imposto de Renda (IR) para at\u00e9 35%, a Presid\u00eancia da Rep\u00fablica informou que n\u00e3o encaminhar\u00e1 ao Congresso Nacional\u00a0projeto de lei com a medida. O comunicado foi feito logo depois de o presidente da C\u00e2mara, Rodrigo Maia, dizer que o projeto n\u00e3o passaria no Legislativo.<\/h2>\n<p>&nbsp;<\/p>\n<p>O Planalto detalhou que, quando o presidente Michel Temer falou sobre o aumento das al\u00edquotas do IR, fez apenas uma men\u00e7\u00e3o gen\u00e9rica a estudos da \u00e1rea econ\u00f4mica, que s\u00e3o permanentemente realizados. Assessores do chefe do Executivo detalharam que\u00a0os estudos da equipe liderada pelo ministro da Fazenda, Henrique Meirelles, est\u00e3o focados, prioritariamente, em reduzir despesas e cortar gastos. N\u00e3o em aumento de impostos.<\/p>\n<p>&nbsp;<\/p>\n<p>Apesar de negar que enviar\u00e1 a proposta, t\u00e9cnicos da Fazenda sugeriram a Meirelles a cria\u00e7\u00e3o de uma al\u00edquota de 30% a 35% para quem tem remunera\u00e7\u00e3o superior a R$ 20 mil. Com isso, seria poss\u00edvel arrecadar at\u00e9 R$ 4 bilh\u00f5es. A medida, entretanto, foi repudiada por parlamentares e empres\u00e1rios. &#8220;Eu sou contra o aumento de impostos. Isso n\u00e3o passa no Congresso&#8221;, diz o senador Romero Juc\u00e1, presidente do PMDB, o partido de Temer.<\/p>\n<p>&nbsp;<\/p>\n<p>O governo j\u00e1 havia aumentado, recentemente, o PIS e a Cofins sobre combust\u00edveis, com o intuito de arrecadar R$ 10 bilh\u00f5es e permitir o cumprimento da meta fiscal deste ano, de deficit de at\u00e9 R4 139 bilh\u00f5es. Feitas as contas, constatou-se que esse dinheiro n\u00e3o seria suficiente para evitar um rombo maior. O governo devem mudar a meta fiscal deste ano e a do pr\u00f3ximo.<\/p>\n<p>&nbsp;<\/p>\n<p><strong>Rep\u00fadio<\/strong><\/p>\n<p>&nbsp;<\/p>\n<p>Na opini\u00e3o do presidente da Confedera\u00e7\u00e3o Nacional da Ind\u00fastria (CNI), Robson Andrade, outro aumento de impostos ser\u00e1 mais um retrocesso para o Brasil e frustrar\u00e1 as expectativas de que 2018 seria melhor do que 2017. \u00a0&#8220;Um eventual aumento dos tributos ampliar\u00e1 a recess\u00e3o, pois retirar\u00e1 recursos do consumo, da produ\u00e7\u00e3o e da gera\u00e7\u00e3o de empregos&#8221;, diz.<\/p>\n<p>&nbsp;<\/p>\n<p>Para o presidente da CNI, ao estudar a eleva\u00e7\u00e3o dos tributos para alcan\u00e7ar a meta fiscal, \u201co governo d\u00e1 um sinal errado, na hora errada\u201d. Ele explica que o aumento das receitas depende do crescimento da economia. Por isso, neste momento, o equil\u00edbrio das contas p\u00fablicas depende da revis\u00e3o dos gastos do governo e da implementa\u00e7\u00e3o de reformas importantes para a economia, como a da Previd\u00eancia Social.<\/p>\n<p>&nbsp;<\/p>\n<p>Andrade lembra que a carga tribut\u00e1ria no Brasil est\u00e1 entre as mais elevadas do mundo, o que tira a competitividade das empresas brasileiras e reduz a disposi\u00e7\u00e3o dos empres\u00e1rios para fazer investimentos. &#8220;Mais imposto \u00e9 sin\u00f4nimo de menos investimentos e, por consequ\u00eancia, de menos empregos&#8221;, frisa.<\/p>\n<p>&nbsp;<\/p>\n<p>&nbsp;<\/p>\n<p>&nbsp;<\/p>\n","protected":false},"excerpt":{"rendered":"<p>POR ANTONIO TEM\u00d3TEO Ap\u00f3s diversas manifesta\u00e7\u00f5es de aliados contr\u00e1rios a alta das al\u00edquotas de Imposto de Renda (IR) para at\u00e9 35%, a Presid\u00eancia da Rep\u00fablica informou que n\u00e3o encaminhar\u00e1 ao Congresso Nacional\u00a0projeto de lei com a medida. O comunicado foi feito logo depois de o presidente da C\u00e2mara, Rodrigo Maia, dizer que o projeto n\u00e3o [&hellip;]<\/p>\n","protected":false},"author":22,"featured_media":0,"comment_status":"open","ping_status":"closed","sticky":false,"template":"","format":"standard","meta":{"footnotes":""},"categories":[600],"tags":[2527,808,111],"class_list":["post-5574","post","type-post","status-publish","format-standard","hentry","category-economia","tag-aliquota","tag-imposto-de-renda","tag-michel-temer"],"_links":{"self":[{"href":"https:\/\/blogs.correiobraziliense.com.br\/vicente\/wp-json\/wp\/v2\/posts\/5574","targetHints":{"allow":["GET"]}}],"collection":[{"href":"https:\/\/blogs.correiobraziliense.com.br\/vicente\/wp-json\/wp\/v2\/posts"}],"about":[{"href":"https:\/\/blogs.correiobraziliense.com.br\/vicente\/wp-json\/wp\/v2\/types\/post"}],"author":[{"embeddable":true,"href":"https:\/\/blogs.correiobraziliense.com.br\/vicente\/wp-json\/wp\/v2\/users\/22"}],"replies":[{"embeddable":true,"href":"https:\/\/blogs.correiobraziliense.com.br\/vicente\/wp-json\/wp\/v2\/comments?post=5574"}],"version-history":[{"count":6,"href":"https:\/\/blogs.correiobraziliense.com.br\/vicente\/wp-json\/wp\/v2\/posts\/5574\/revisions"}],"predecessor-version":[{"id":5580,"href":"https:\/\/blogs.correiobraziliense.com.br\/vicente\/wp-json\/wp\/v2\/posts\/5574\/revisions\/5580"}],"wp:attachment":[{"href":"https:\/\/blogs.correiobraziliense.com.br\/vicente\/wp-json\/wp\/v2\/media?parent=5574"}],"wp:term":[{"taxonomy":"category","embeddable":true,"href":"https:\/\/blogs.correiobraziliense.com.br\/vicente\/wp-json\/wp\/v2\/categories?post=5574"},{"taxonomy":"post_tag","embeddable":true,"href":"https:\/\/blogs.correiobraziliense.com.br\/vicente\/wp-json\/wp\/v2\/tags?post=5574"}],"curies":[{"name":"wp","href":"https:\/\/api.w.org\/{rel}","templated":true}]}}