{"id":5561,"date":"2017-08-05T17:01:52","date_gmt":"2017-08-05T20:01:52","guid":{"rendered":"https:\/\/blogs.correiobraziliense.com.br\/vicente\/?p=5561"},"modified":"2017-08-05T17:22:10","modified_gmt":"2017-08-05T20:22:10","slug":"justica-escolhe-cebraspe-para-organizar-concurso-do-trf-da-1a-regiao","status":"publish","type":"post","link":"https:\/\/blogs.correiobraziliense.com.br\/vicente\/justica-escolhe-cebraspe-para-organizar-concurso-do-trf-da-1a-regiao\/","title":{"rendered":"Justi\u00e7a escolhe Cebraspe para organizar concurso do TRF da 1\u00aa Regi\u00e3o"},"content":{"rendered":"<h2>MARLLA SABINO<\/h2>\n<h2><\/h2>\n<h2>As not\u00edcias continuam boas para quem sonha em ser funcion\u00e1rio p\u00fablico. O concurso para o Tribunal Regional Federal da 1\u00ba Regi\u00e3o est\u00e1 cada vez mais pr\u00f3ximo de acontecer. De acordo com portaria divulgada pela Justi\u00e7a Federal, o Centro Brasileiro de Pesquisa em Avalia\u00e7\u00e3o e Sele\u00e7\u00e3o e de Promo\u00e7\u00e3o de Eventos (Cebraspe) ser\u00e1 a banca organizadora da s\u00e9tima sele\u00e7\u00e3o.<\/h2>\n<p>&nbsp;<\/p>\n<p>O pr\u00f3ximo passo \u00e9 aguardar a divulga\u00e7\u00e3o do contrato e a publica\u00e7\u00e3o do edital, que sair\u00e1 ainda este ano, para provimento de cargos efetivos. As chances s\u00e3o para as carreiras de t\u00e9cnico e analista judici\u00e1rio, de n\u00edvel m\u00e9dio e superior. Al\u00e9m da estabilidade, garantida pelo regime estatut\u00e1rio, as remunera\u00e7\u00f5es atraem os concurseiros: R$ 7.320 para t\u00e9cnicos e R$ 11.063, para analistas.<\/p>\n<p>&nbsp;<\/p>\n<p>O n\u00famero de vagas ainda n\u00e3o est\u00e1 fechado. Mas est\u00e1 certo que os cargos a serem preenchidos ser\u00e3o, principalmente, no Distrito Federal. Os certames para postos no Judici\u00e1rio costumam atrair muito o interesse, j\u00e1 que o expediente de trabalho costuma ser de apenas seis horas e os sal\u00e1rios s\u00e3o excelentes.<\/p>\n<p>&nbsp;<\/p>\n<p>A \u00a0abertura do concurso \u00e9 inevit\u00e1vel, pois o prazo de validade da \u00faltima sele\u00e7\u00e3o, realizada em 2011 pela Funda\u00e7\u00e3o Carlos Chagas (FCC), expirou em junho. Nas salas de aula de cursinhos, a expectativa \u00e9 geral, pois a perspectiva era de que o segundo semestre do ano fosse de escassez de ofertas de vagas no setor p\u00fablico.<\/p>\n<p>&nbsp;<\/p>\n<p>Mesmo com falta de dinheiro, o Minist\u00e9rio do Planejamento autorizou, recentemente, 600 vagas para o Minist\u00e9rio da Agricultura, 300 vagas \u00a0para a Ag\u00eancia Brasileira de Intelig\u00eancia (Abin), \u00a0al\u00e9m de oportunidades na Advocacia-Geral da Uni\u00e3o (AGU) e no Tribunal Superior do Trabalho (TST).<\/p>\n<p>&nbsp;<\/p>\n<p>A justificativa do Planejamento, em meio \u00e0s cr\u00edticas dos que defendem o enxugamento da m\u00e1quina p\u00fablica, \u00e9 de que h\u00e1 falta de pessoal em \u00e1reas estrat\u00e9gicas para o governo, que vem perdendo muita gente qualificada por causa de uma corrida \u00e0 aposentadoria. Bom para os concurseiros.<\/p>\n<p>&nbsp;<\/p>\n<p><em>Bras\u00edlia, 17h01min<\/em><\/p>\n","protected":false},"excerpt":{"rendered":"<p>MARLLA SABINO As not\u00edcias continuam boas para quem sonha em ser funcion\u00e1rio p\u00fablico. O concurso para o Tribunal Regional Federal da 1\u00ba Regi\u00e3o est\u00e1 cada vez mais pr\u00f3ximo de acontecer. De acordo com portaria divulgada pela Justi\u00e7a Federal, o Centro Brasileiro de Pesquisa em Avalia\u00e7\u00e3o e Sele\u00e7\u00e3o e de Promo\u00e7\u00e3o de Eventos (Cebraspe) ser\u00e1 a [&hellip;]<\/p>\n","protected":false},"author":22,"featured_media":0,"comment_status":"open","ping_status":"closed","sticky":false,"template":"","format":"standard","meta":{"footnotes":""},"categories":[600],"tags":[2515,2514,860,2512,2513,2511],"class_list":["post-5561","post","type-post","status-publish","format-standard","hentry","category-economia","tag-banca-organizadora","tag-cebraspe","tag-concurso","tag-primeira","tag-regiao","tag-trf"],"_links":{"self":[{"href":"https:\/\/blogs.correiobraziliense.com.br\/vicente\/wp-json\/wp\/v2\/posts\/5561","targetHints":{"allow":["GET"]}}],"collection":[{"href":"https:\/\/blogs.correiobraziliense.com.br\/vicente\/wp-json\/wp\/v2\/posts"}],"about":[{"href":"https:\/\/blogs.correiobraziliense.com.br\/vicente\/wp-json\/wp\/v2\/types\/post"}],"author":[{"embeddable":true,"href":"https:\/\/blogs.correiobraziliense.com.br\/vicente\/wp-json\/wp\/v2\/users\/22"}],"replies":[{"embeddable":true,"href":"https:\/\/blogs.correiobraziliense.com.br\/vicente\/wp-json\/wp\/v2\/comments?post=5561"}],"version-history":[{"count":1,"href":"https:\/\/blogs.correiobraziliense.com.br\/vicente\/wp-json\/wp\/v2\/posts\/5561\/revisions"}],"predecessor-version":[{"id":5562,"href":"https:\/\/blogs.correiobraziliense.com.br\/vicente\/wp-json\/wp\/v2\/posts\/5561\/revisions\/5562"}],"wp:attachment":[{"href":"https:\/\/blogs.correiobraziliense.com.br\/vicente\/wp-json\/wp\/v2\/media?parent=5561"}],"wp:term":[{"taxonomy":"category","embeddable":true,"href":"https:\/\/blogs.correiobraziliense.com.br\/vicente\/wp-json\/wp\/v2\/categories?post=5561"},{"taxonomy":"post_tag","embeddable":true,"href":"https:\/\/blogs.correiobraziliense.com.br\/vicente\/wp-json\/wp\/v2\/tags?post=5561"}],"curies":[{"name":"wp","href":"https:\/\/api.w.org\/{rel}","templated":true}]}}