{"id":5551,"date":"2017-08-04T17:04:55","date_gmt":"2017-08-04T20:04:55","guid":{"rendered":"https:\/\/blogs.correiobraziliense.com.br\/vicente\/?p=5551"},"modified":"2017-08-04T18:31:11","modified_gmt":"2017-08-04T21:31:11","slug":"passagens-de-onibus-ficarao-mais-caras-com-aumento-de-impostos","status":"publish","type":"post","link":"https:\/\/blogs.correiobraziliense.com.br\/vicente\/passagens-de-onibus-ficarao-mais-caras-com-aumento-de-impostos\/","title":{"rendered":"Passagens de \u00f4nibus ficar\u00e3o mais caras com aumento de impostos"},"content":{"rendered":"<p>HAMILTON FERRARI<\/p>\n<h2>Mais uma m\u00e1 not\u00edcia para os contribuintes. Agora, al\u00e9m do pre\u00e7o da gasolina mais caro, o consumidor ter\u00e1 que lidar com reajustes nas passagens de \u00f4nibus.\u00a0A Associa\u00e7\u00e3o Nacional das Empresas de Transportes Urbanos (NTU) enviou um of\u00edcio ao Minist\u00e9rio da Fazenda na \u00faltima quarta-feira (2) solicitando isen\u00e7\u00e3o do aumento do PIS\/Cofins, imposto sobre os combust\u00edveis. Caso n\u00e3o haja, as empresas ser\u00e3o obrigadas a antecipar a revis\u00e3o das tarifas.<\/h2>\n<p>&nbsp;<\/p>\n<p>A\u00a0associa\u00e7\u00e3o, que representa mais de 500 companhias de \u00f4nibus, comunicou \u00e0 pasta que os custos elevados impedem que os valores sejam mantidos. Segundo a entidade,\u00a0o insumo do setor representa 23% dos custos do servi\u00e7o e, uma pesquisa interna, revelou que 37% das empresas possuem d\u00edvidas tribut\u00e1rias com a Uni\u00e3o e 20% com munic\u00edpios.<\/p>\n<p>&nbsp;<\/p>\n<p>\u201c\u00c9 certo que essa isen\u00e7\u00e3o seria totalmente transferida para os usu\u00e1rios do transporte p\u00fablico que, na realidade, s\u00e3o na sua maioria pertencentes \u00e0s classes sociais menos abonadas, que necessitam de maior aten\u00e7\u00e3o e assist\u00eancia do poder p\u00fablico, principalmente nesse \u00e9poca de alto n\u00edvel de desemprego\u201d, comunicou o of\u00edcio. O Minist\u00e9rio da Fazenda ainda n\u00e3o respondeu a demanda.<\/p>\n","protected":false},"excerpt":{"rendered":"<p>HAMILTON FERRARI Mais uma m\u00e1 not\u00edcia para os contribuintes. Agora, al\u00e9m do pre\u00e7o da gasolina mais caro, o consumidor ter\u00e1 que lidar com reajustes nas passagens de \u00f4nibus.\u00a0A Associa\u00e7\u00e3o Nacional das Empresas de Transportes Urbanos (NTU) enviou um of\u00edcio ao Minist\u00e9rio da Fazenda na \u00faltima quarta-feira (2) solicitando isen\u00e7\u00e3o do aumento do PIS\/Cofins, imposto sobre [&hellip;]<\/p>\n","protected":false},"author":22,"featured_media":0,"comment_status":"open","ping_status":"closed","sticky":false,"template":"","format":"standard","meta":{"footnotes":""},"categories":[600],"tags":[2509,2478,19,286,2508],"class_list":["post-5551","post","type-post","status-publish","format-standard","hentry","category-economia","tag-empresas-de-transporte","tag-imposto","tag-ministerio-da-fazenda","tag-passagens","tag-tarifas"],"_links":{"self":[{"href":"https:\/\/blogs.correiobraziliense.com.br\/vicente\/wp-json\/wp\/v2\/posts\/5551","targetHints":{"allow":["GET"]}}],"collection":[{"href":"https:\/\/blogs.correiobraziliense.com.br\/vicente\/wp-json\/wp\/v2\/posts"}],"about":[{"href":"https:\/\/blogs.correiobraziliense.com.br\/vicente\/wp-json\/wp\/v2\/types\/post"}],"author":[{"embeddable":true,"href":"https:\/\/blogs.correiobraziliense.com.br\/vicente\/wp-json\/wp\/v2\/users\/22"}],"replies":[{"embeddable":true,"href":"https:\/\/blogs.correiobraziliense.com.br\/vicente\/wp-json\/wp\/v2\/comments?post=5551"}],"version-history":[{"count":2,"href":"https:\/\/blogs.correiobraziliense.com.br\/vicente\/wp-json\/wp\/v2\/posts\/5551\/revisions"}],"predecessor-version":[{"id":5553,"href":"https:\/\/blogs.correiobraziliense.com.br\/vicente\/wp-json\/wp\/v2\/posts\/5551\/revisions\/5553"}],"wp:attachment":[{"href":"https:\/\/blogs.correiobraziliense.com.br\/vicente\/wp-json\/wp\/v2\/media?parent=5551"}],"wp:term":[{"taxonomy":"category","embeddable":true,"href":"https:\/\/blogs.correiobraziliense.com.br\/vicente\/wp-json\/wp\/v2\/categories?post=5551"},{"taxonomy":"post_tag","embeddable":true,"href":"https:\/\/blogs.correiobraziliense.com.br\/vicente\/wp-json\/wp\/v2\/tags?post=5551"}],"curies":[{"name":"wp","href":"https:\/\/api.w.org\/{rel}","templated":true}]}}