{"id":5547,"date":"2017-08-04T06:38:14","date_gmt":"2017-08-04T09:38:14","guid":{"rendered":"https:\/\/blogs.correiobraziliense.com.br\/vicente\/?p=5547"},"modified":"2017-08-04T13:42:06","modified_gmt":"2017-08-04T16:42:06","slug":"coluna-no-correio-os-riscos-do-excesso-de-euforia","status":"publish","type":"post","link":"https:\/\/blogs.correiobraziliense.com.br\/vicente\/coluna-no-correio-os-riscos-do-excesso-de-euforia\/","title":{"rendered":"Coluna no Correio: Os riscos do excesso de euforia"},"content":{"rendered":"<h2>ANTONIO TEM\u00d3TEO<\/h2>\n<h2><\/h2>\n<h2>Apesar do oba-oba que tomou conta do mercado ap\u00f3s a C\u00e2mara dos Deputados barrar o avan\u00e7o das investiga\u00e7\u00f5es contra o presidente Michel Temer, o futuro das reformas \u00e9 incerto. Embalado pela euforia de quem interpretou a decis\u00e3o do Legislativo como uma vit\u00f3ria, o ministro da Fazenda, Henrique Meirelles, voltou a fazer previs\u00f5es otimistas. Ap\u00f3s encontro com investidores, em um evento realizado ontem em S\u00e3o Paulo, ele afirmou que a reforma da Previd\u00eancia deve ser votada at\u00e9 outubro.<\/h2>\n<p>&nbsp;<\/p>\n<p>Al\u00e9m disso, o chefe da equipe econ\u00f4mica disse que o Executivo trabalha em uma proposta de reforma tribut\u00e1ria que ser\u00e1 encaminhada o quanto antes para aprecia\u00e7\u00e3o dos parlamentares. Os sinais emitidos por Meirelles precisam ser analisados com cautela. Temer conseguiu 263 votos para se livrar do andamento das investiga\u00e7\u00f5es no Supremo Tribunal Federal (STF). Em tese, ele precisaria do apoio de mais 45 deputados para conquistar 308 votos para levar para o Senado Federal o texto que altera as regras para concess\u00e3o de benef\u00edcios previdenci\u00e1rios.<\/p>\n<p>&nbsp;<\/p>\n<p>Dos parlamentares que comp\u00f5em a base e estiveram presentes na vota\u00e7\u00e3o que livrou o chefe do Executivo, 88 votaram pela continuidade das investiga\u00e7\u00f5es. As trai\u00e7\u00f5es partiram de diversos partidos, mas os 21 votos contr\u00e1rios do PSDB mostram que a base est\u00e1 rachada. Apesar disso, a tend\u00eancia \u00e9 que votem a favor das reformas. Em tese, a quantidade de votos subiria para 284, sem levar em conta os aliados do governo que s\u00e3o contra as reformas, entre eles, parlamentares do PTB, do Solidariedade e at\u00e9 oposicionistas do PDT que votaram a favor de Temer.<\/p>\n<p>&nbsp;<\/p>\n<p>O Centr\u00e3o garantiu a vit\u00f3ria do governo, mas est\u00e1 mais preocupado em ganhar espa\u00e7o na Esplanada dos Minist\u00e9rios e ocupar as pastas hoje nas m\u00e3os do PSDB. Caber\u00e1 a Temer reaglutinar a base aliada, mas n\u00e3o est\u00e1 claro se ele conseguir\u00e1 garantir os 308 votos necess\u00e1rios. A habilidade pol\u00edtica do chefe do Executivo \u00e9 inquestion\u00e1vel. Mesmo quando seus inimigos garantiam o fim da gest\u00e3o do peemedebista, ele deu demonstra\u00e7\u00f5es de que \u00e9 o pol\u00edtico que mais conhece o Congresso. Entretanto, n\u00e3o h\u00e1 figura p\u00fablica que tenha capital pol\u00edtico infinito. Uma hora isso acaba.<\/p>\n<p>&nbsp;<\/p>\n<p>Antes da divulga\u00e7\u00e3o das conversas de Temer com Joesley Batista, o governo contabilizava 280 votos favor\u00e1veis \u00e0 reforma da Previd\u00eancia. No plen\u00e1rio, os deputados mais otimistas afirmavam que o chefe do Executivo teria 300 votos para barrar o avan\u00e7o das investiga\u00e7\u00f5es. E isso n\u00e3o ocorreu. \u201cVamos trabalhar para aprovar as reformas necess\u00e1rias. O governo voltou a ter f\u00f4lego e deixou as cordas. Parte consider\u00e1vel de quem votou contar o presidente \u00e9 favor\u00e1vel \u00e0s mudan\u00e7as propostas para o INSS\u201d, destaca um auxiliar do chefe do Executivo.<\/p>\n<p>&nbsp;<\/p>\n<p><strong>Elei\u00e7\u00f5es<\/strong><\/p>\n<p>&nbsp;<\/p>\n<p>A vota\u00e7\u00e3o na C\u00e2mara que salvou Temer n\u00e3o deixou claro se os 263 parlamentares favor\u00e1veis ao presidente s\u00e3o o piso ou o teto do apoio que ele conseguir\u00e1 para o debate dos temas de interesse do governo, avalia o cientista pol\u00edtico Carlos Melo, professor da escola de neg\u00f3cios Insper. Mesmo com o apoio do PSDB, ressalta ele, n\u00e3o h\u00e1 clareza de que o Executivo ter\u00e1 o apoio necess\u00e1rio para aprovar a reforma da Previd\u00eancia.<\/p>\n<p>&nbsp;<\/p>\n<p>Melo ainda relembra que o governo tem baix\u00edssima aprova\u00e7\u00e3o popular e j\u00e1 convenceu os parlamentares a votar medidas impopulares, como a aprova\u00e7\u00e3o do teto de gastos. \u201cO capital pol\u00edtico n\u00e3o \u00e9 infinito. Voc\u00ea perde e acumula desgastes. Estamos pr\u00f3ximos de um ano eleitoral e temos 594 parlamentares preocupados com a reelei\u00e7\u00e3o em 2018. N\u00e3o ser\u00e1 uma tarefa f\u00e1cil aprovar as reformas\u201d, diz.<\/p>\n<p>&nbsp;<\/p>\n<p>Os analistas tamb\u00e9m chamaram a aten\u00e7\u00e3o para o mapa regional de votos. O diretor do Paran\u00e1 Pesquisas, Murilo Hidalgo, destacou que a vota\u00e7\u00e3o evidencia a falta de sintonia entre o Congresso e a opini\u00e3o p\u00fablica. \u201cOs deputados do Nordeste, regi\u00e3o na qual o Lula lidera as pesquisas de inten\u00e7\u00e3o de voto, salvaram o mandato do presidente Temer, enquanto entre os do Sul, onde o antipetismo \u00e9 mais forte, a situa\u00e7\u00e3o foi inversa\u201d, destaca.<\/p>\n<p>&nbsp;<\/p>\n<p>Conforme ele, essa disson\u00e2ncia mostra que o Congresso age mais em fun\u00e7\u00e3o do jogo pol\u00edtico do que por quem os elege. \u201cAgora, ser\u00e1 necess\u00e1rio saber como a opini\u00e3o p\u00fablica ir\u00e1 cobrar essa conta nas urnas\u201d, diz. Outro desafio para o governo em meio \u00e0s incertezas \u00e9 a mudan\u00e7a da meta fiscal de 2017, que prev\u00ea um rombo de R$ 139 bilh\u00f5es. Os presidentes da C\u00e2mara dos Deputados, Rodrigo Maia (DEM-RJ), e do Senado Federal, Enuncio Oliveira (PMDB-CE),externaram publicamente que s\u00e3o contra o Legislativo autorizar o governo a continuar a gastar desenfreadamente, ao custo da eleva\u00e7\u00e3o da d\u00edvida p\u00fablica.Temer ter\u00e1 pela frente duras batalhas. A euforia do mercado, neste momento, \u00e9 descabida.<\/p>\n","protected":false},"excerpt":{"rendered":"<p>ANTONIO TEM\u00d3TEO Apesar do oba-oba que tomou conta do mercado ap\u00f3s a C\u00e2mara dos Deputados barrar o avan\u00e7o das investiga\u00e7\u00f5es contra o presidente Michel Temer, o futuro das reformas \u00e9 incerto. Embalado pela euforia de quem interpretou a decis\u00e3o do Legislativo como uma vit\u00f3ria, o ministro da Fazenda, Henrique Meirelles, voltou a fazer previs\u00f5es otimistas. [&hellip;]<\/p>\n","protected":false},"author":22,"featured_media":0,"comment_status":"open","ping_status":"closed","sticky":false,"template":"","format":"standard","meta":{"footnotes":""},"categories":[600],"tags":[],"class_list":["post-5547","post","type-post","status-publish","format-standard","hentry","category-economia"],"_links":{"self":[{"href":"https:\/\/blogs.correiobraziliense.com.br\/vicente\/wp-json\/wp\/v2\/posts\/5547","targetHints":{"allow":["GET"]}}],"collection":[{"href":"https:\/\/blogs.correiobraziliense.com.br\/vicente\/wp-json\/wp\/v2\/posts"}],"about":[{"href":"https:\/\/blogs.correiobraziliense.com.br\/vicente\/wp-json\/wp\/v2\/types\/post"}],"author":[{"embeddable":true,"href":"https:\/\/blogs.correiobraziliense.com.br\/vicente\/wp-json\/wp\/v2\/users\/22"}],"replies":[{"embeddable":true,"href":"https:\/\/blogs.correiobraziliense.com.br\/vicente\/wp-json\/wp\/v2\/comments?post=5547"}],"version-history":[{"count":1,"href":"https:\/\/blogs.correiobraziliense.com.br\/vicente\/wp-json\/wp\/v2\/posts\/5547\/revisions"}],"predecessor-version":[{"id":5548,"href":"https:\/\/blogs.correiobraziliense.com.br\/vicente\/wp-json\/wp\/v2\/posts\/5547\/revisions\/5548"}],"wp:attachment":[{"href":"https:\/\/blogs.correiobraziliense.com.br\/vicente\/wp-json\/wp\/v2\/media?parent=5547"}],"wp:term":[{"taxonomy":"category","embeddable":true,"href":"https:\/\/blogs.correiobraziliense.com.br\/vicente\/wp-json\/wp\/v2\/categories?post=5547"},{"taxonomy":"post_tag","embeddable":true,"href":"https:\/\/blogs.correiobraziliense.com.br\/vicente\/wp-json\/wp\/v2\/tags?post=5547"}],"curies":[{"name":"wp","href":"https:\/\/api.w.org\/{rel}","templated":true}]}}