{"id":5541,"date":"2017-08-04T09:54:46","date_gmt":"2017-08-04T12:54:46","guid":{"rendered":"https:\/\/blogs.correiobraziliense.com.br\/vicente\/?p=5541"},"modified":"2017-08-04T13:37:38","modified_gmt":"2017-08-04T16:37:38","slug":"inss-vai-reconhecer-automaticamente-o-direito-aposentadoria","status":"publish","type":"post","link":"https:\/\/blogs.correiobraziliense.com.br\/vicente\/inss-vai-reconhecer-automaticamente-o-direito-aposentadoria\/","title":{"rendered":"INSS vai reconhecer automaticamente o direito \u00e0 aposentadoria"},"content":{"rendered":"<h2>MARLLA SABINO<\/h2>\n<h2><\/h2>\n<h2>Na tentativa de desafogar os postos de atendimento, que correm o risco de fechar por falta de dinheiro, o Instituto Nacional do Seguro Social (INSS) deu in\u00edcio ao um programa de aposentadoria autom\u00e1tica para os trabalhadores que j\u00e1 t\u00eam tempo para se aposentarem.<\/h2>\n<p>&nbsp;<\/p>\n<p>Segundo a Portaria n\u00famero 6 publicada no <em>Di\u00e1rio Oficial da Uni\u00e3o<\/em>, o pr\u00f3prio INSS se antecipar\u00e1 e avisar\u00e1 as pessoas que t\u00eam direito a aposentadoria que o benef\u00edcio est\u00e1 a disposi\u00e7\u00e3o. Para isso, o \u00f3rg\u00e3o usar\u00e1 as informa\u00e7\u00f5es constantes em seus sistemas. Esse mecanismo vem funcionando desde 28 de julho.<\/p>\n<p>&nbsp;<\/p>\n<p>Pela Portaria, os tralhadores aptos a aposentadoria ser\u00e3o comunicados diretamente pelo INSS sobre seus direitos. O\u00a0INSS enviar\u00e1 um comunicado aos benefici\u00e1rios, que poder\u00e3o requisitar a concess\u00e3o da aposentadoria por meio do n\u00famero 135. Ser\u00e1 necess\u00e1rio, por\u00e9m, a confirma\u00e7\u00e3o dos dados pessoais, como ocorre no sistema de agendamento.<\/p>\n<p>&nbsp;<\/p>\n<p>O INSS est\u00e1 confiante no novo sistema, pois dar\u00e1 maior agilidade aos processos. Hoje, h\u00e1 uma enorme burocracia. H\u00e1 pessoas que esperam mais de tr\u00eas meses por um agendamento e mais tr\u00eas meses para ter uma posi\u00e7\u00e3o sobre a aposentadoria. N\u00e3o por acaso, o descontentamento dentro das ag\u00eancias do \u00f3rg\u00e3o \u00e9 grande.<\/p>\n<p>&nbsp;<\/p>\n<p>A Portaria do INSS determina que o benef\u00edcio poder\u00e1 ser confirmado no ato ou ser pedido contato posterior para confirma\u00e7\u00e3o. Mas \u00e9 importante deixar claro: a\u00a0data da liga\u00e7\u00e3o para a Central 135 ser\u00e1 considerada como a data de entrada do requerimento, a data inicial para contar prazo para o processo.<\/p>\n<p>&nbsp;<\/p>\n<p>Em recente entrevista ao Blog, o presidente do INSS, Leonardo Gadelha, disse que, para compensar a falta de dinheiro, o \u00f3rg\u00e3o est\u00e1 usando a tecnologia para melhorar o atendimento. E a aposentadoria autom\u00e1tica \u00e9 um passo para isso. Resta saber se o servi\u00e7o realmente vai funcionar.<\/p>\n<p>&nbsp;<\/p>\n<p>Depois do reconhecimento do direito, o INSS enviar\u00e1 comunicado aos trabalhadores com todos os dados do benef\u00edcio e a data de pagamento. Para a aposentadoria por idade, a pessoa deve ter, no m\u00ednimo, 180 meses de trabalho, idade m\u00ednima de 65 anos para homens ou 60 anos para mulheres. No caso dos segurados especiais, como agricultores familiares, pescadores artesanais e ind\u00edgenas, a idade m\u00ednima \u00e9 de 60 (homens) e de 55 (mulheres).<\/p>\n","protected":false},"excerpt":{"rendered":"<p>MARLLA SABINO Na tentativa de desafogar os postos de atendimento, que correm o risco de fechar por falta de dinheiro, o Instituto Nacional do Seguro Social (INSS) deu in\u00edcio ao um programa de aposentadoria autom\u00e1tica para os trabalhadores que j\u00e1 t\u00eam tempo para se aposentarem. &nbsp; Segundo a Portaria n\u00famero 6 publicada no Di\u00e1rio Oficial [&hellip;]<\/p>\n","protected":false},"author":22,"featured_media":0,"comment_status":"open","ping_status":"closed","sticky":false,"template":"","format":"standard","meta":{"footnotes":""},"categories":[600],"tags":[430,2503,2506,946,408,2505,2504,2307],"class_list":["post-5541","post","type-post","status-publish","format-standard","hentry","category-economia","tag-aposentadoria","tag-automatica","tag-gadelha","tag-idade","tag-inss","tag-leonardo","tag-tempo","tag-trabalho"],"_links":{"self":[{"href":"https:\/\/blogs.correiobraziliense.com.br\/vicente\/wp-json\/wp\/v2\/posts\/5541","targetHints":{"allow":["GET"]}}],"collection":[{"href":"https:\/\/blogs.correiobraziliense.com.br\/vicente\/wp-json\/wp\/v2\/posts"}],"about":[{"href":"https:\/\/blogs.correiobraziliense.com.br\/vicente\/wp-json\/wp\/v2\/types\/post"}],"author":[{"embeddable":true,"href":"https:\/\/blogs.correiobraziliense.com.br\/vicente\/wp-json\/wp\/v2\/users\/22"}],"replies":[{"embeddable":true,"href":"https:\/\/blogs.correiobraziliense.com.br\/vicente\/wp-json\/wp\/v2\/comments?post=5541"}],"version-history":[{"count":5,"href":"https:\/\/blogs.correiobraziliense.com.br\/vicente\/wp-json\/wp\/v2\/posts\/5541\/revisions"}],"predecessor-version":[{"id":5546,"href":"https:\/\/blogs.correiobraziliense.com.br\/vicente\/wp-json\/wp\/v2\/posts\/5541\/revisions\/5546"}],"wp:attachment":[{"href":"https:\/\/blogs.correiobraziliense.com.br\/vicente\/wp-json\/wp\/v2\/media?parent=5541"}],"wp:term":[{"taxonomy":"category","embeddable":true,"href":"https:\/\/blogs.correiobraziliense.com.br\/vicente\/wp-json\/wp\/v2\/categories?post=5541"},{"taxonomy":"post_tag","embeddable":true,"href":"https:\/\/blogs.correiobraziliense.com.br\/vicente\/wp-json\/wp\/v2\/tags?post=5541"}],"curies":[{"name":"wp","href":"https:\/\/api.w.org\/{rel}","templated":true}]}}