{"id":5532,"date":"2017-08-03T20:01:12","date_gmt":"2017-08-03T23:01:12","guid":{"rendered":"https:\/\/blogs.correiobraziliense.com.br\/vicente\/?p=5532"},"modified":"2017-08-03T20:28:53","modified_gmt":"2017-08-03T23:28:53","slug":"justica-federal-do-rio-suspende-aumento-de-imposto-sobre-combustiveis","status":"publish","type":"post","link":"https:\/\/blogs.correiobraziliense.com.br\/vicente\/justica-federal-do-rio-suspende-aumento-de-imposto-sobre-combustiveis\/","title":{"rendered":"Justi\u00e7a Federal do Rio suspende aumento de imposto sobre combust\u00edveis"},"content":{"rendered":"<h2>MARLLA SABINO<\/h2>\n<h2><\/h2>\n<h2>Pela terceira vez, agora em \u00e2mbito nacional, a Justi\u00e7a suspendeu o aumento das al\u00edquotas do PIS\/Cofins sobre os combust\u00edveis. A decis\u00e3o, tomada na Vara Federal em Maca\u00e9, no Rio Janeiro, vale para todo o pa\u00eds, ao contr\u00e1rio da liminar que foi concedida na Para\u00edba, que ficou restrita ao estado.<\/h2>\n<p>&nbsp;<\/p>\n<p>A Justi\u00e7a se baseou em uma a\u00e7\u00e3o popular movida por um professor e advogado de Barra de S\u00e3o Jo\u00e3o, em Casemiro de Abreu. O juiz Ubiratan Cruz Rodrigues determinou a suspens\u00e3o imediata do decreto que elevou em R$ 0,41 o pre\u00e7o do litro da gasolina. A advocacia-Geral da Uni\u00e3o (AGU) vai recorrer.<\/p>\n<p>&nbsp;<\/p>\n<p>N\u00e3o est\u00e1 f\u00e1cil a vida do governo em rela\u00e7\u00e3o \u00e0 essa quest\u00e3o. Nesta quinta-feira, a ministra Rosa Weber, do Supremo Tribunal Federal (STF) deu prazo de cinco dias para que a equipe econ\u00f4mica explique as raz\u00f5es que levaram ao aumento do PIS\/Cofins.<\/p>\n<p>&nbsp;<\/p>\n<p>O objetivo inicial do governo era arrecadar R$ 10,4 bilh\u00f5es neste ano como forma de evitar que o deficit p\u00fablico supere o teto previsto de R$ 139 bilh\u00f5es. Mas a eleva\u00e7\u00e3o dos tributos n\u00e3o ser\u00e1 suficiente para evitar que a equipe econ\u00f4mica seja obrigada a mudar a meta fiscal. A situa\u00e7\u00e3o das contas p\u00fablicas \u00e9 dram\u00e1tica.<\/p>\n<p>&nbsp;<\/p>\n<p>Os R$ 10,4 bilh\u00f5es acabaram sendo reduzidos para R$ 9,9 bilh\u00f5es, pois o governo teve que recuar na taxa\u00e7\u00e3o extra do etanol, proibida por lei. A Receita Federal levou \u00e0 equipe econ\u00f4mica ao erro e ao vexame de ter que admitir que havia se equivocado na decis\u00e3o sobre o derivado da cana de a\u00e7\u00facar.<\/p>\n<p>&nbsp;<\/p>\n<p>Quem est\u00e1 ganhando com a guerra judicial s\u00e3o os postos, pois, mesmo no per\u00edodo em que est\u00e1 valendo a decis\u00e3o da Justi\u00e7a, eles n\u00e3o reduzem os pre\u00e7os. Aproveitam para aumentar as margens de lucros. Os postos, por sinal, n\u00e3o economizaram no repasse dos tributos aos consumidores. Houve casos em que o litro da gasolina subiu R$ 1, mais que o dobro do previsto.<\/p>\n","protected":false},"excerpt":{"rendered":"<p>MARLLA SABINO Pela terceira vez, agora em \u00e2mbito nacional, a Justi\u00e7a suspendeu o aumento das al\u00edquotas do PIS\/Cofins sobre os combust\u00edveis. A decis\u00e3o, tomada na Vara Federal em Maca\u00e9, no Rio Janeiro, vale para todo o pa\u00eds, ao contr\u00e1rio da liminar que foi concedida na Para\u00edba, que ficou restrita ao estado. &nbsp; A Justi\u00e7a se [&hellip;]<\/p>\n","protected":false},"author":22,"featured_media":0,"comment_status":"open","ping_status":"closed","sticky":false,"template":"","format":"standard","meta":{"footnotes":""},"categories":[600],"tags":[133,268,2478,282,2502,273,1084],"class_list":["post-5532","post","type-post","status-publish","format-standard","hentry","category-economia","tag-aumento","tag-gasolina","tag-imposto","tag-justica","tag-macae","tag-rio","tag-suspensao"],"_links":{"self":[{"href":"https:\/\/blogs.correiobraziliense.com.br\/vicente\/wp-json\/wp\/v2\/posts\/5532","targetHints":{"allow":["GET"]}}],"collection":[{"href":"https:\/\/blogs.correiobraziliense.com.br\/vicente\/wp-json\/wp\/v2\/posts"}],"about":[{"href":"https:\/\/blogs.correiobraziliense.com.br\/vicente\/wp-json\/wp\/v2\/types\/post"}],"author":[{"embeddable":true,"href":"https:\/\/blogs.correiobraziliense.com.br\/vicente\/wp-json\/wp\/v2\/users\/22"}],"replies":[{"embeddable":true,"href":"https:\/\/blogs.correiobraziliense.com.br\/vicente\/wp-json\/wp\/v2\/comments?post=5532"}],"version-history":[{"count":8,"href":"https:\/\/blogs.correiobraziliense.com.br\/vicente\/wp-json\/wp\/v2\/posts\/5532\/revisions"}],"predecessor-version":[{"id":5540,"href":"https:\/\/blogs.correiobraziliense.com.br\/vicente\/wp-json\/wp\/v2\/posts\/5532\/revisions\/5540"}],"wp:attachment":[{"href":"https:\/\/blogs.correiobraziliense.com.br\/vicente\/wp-json\/wp\/v2\/media?parent=5532"}],"wp:term":[{"taxonomy":"category","embeddable":true,"href":"https:\/\/blogs.correiobraziliense.com.br\/vicente\/wp-json\/wp\/v2\/categories?post=5532"},{"taxonomy":"post_tag","embeddable":true,"href":"https:\/\/blogs.correiobraziliense.com.br\/vicente\/wp-json\/wp\/v2\/tags?post=5532"}],"curies":[{"name":"wp","href":"https:\/\/api.w.org\/{rel}","templated":true}]}}