{"id":5509,"date":"2017-08-02T13:00:16","date_gmt":"2017-08-02T16:00:16","guid":{"rendered":"https:\/\/blogs.correiobraziliense.com.br\/vicente\/?p=5509"},"modified":"2017-08-02T13:11:35","modified_gmt":"2017-08-02T16:11:35","slug":"bolsa-rompe-os-67-mil-pontos-dolar-cai-para-r-312","status":"publish","type":"post","link":"https:\/\/blogs.correiobraziliense.com.br\/vicente\/bolsa-rompe-os-67-mil-pontos-dolar-cai-para-r-312\/","title":{"rendered":"Bolsa rompe os 67 mil pontos. D\u00f3lar cai para R$ 3,12"},"content":{"rendered":"<h2>Os investidores est\u00e3o confiantes na vit\u00f3ria do presidente Michel Temer na vota\u00e7\u00e3o desta quarta-feira, 2 de agosto, na C\u00e2mara dos Deputados. A Bolsa de Valores de S\u00e3o Paulo (B3) rompeu os 67 mil pontos, alta de quase 0,5%, e o d\u00f3lar caiu para R$ 3,12.<\/h2>\n<p>&nbsp;<\/p>\n<p>Na avalia\u00e7\u00e3o do mercado, dependendo do tamanho da vit\u00f3ria de Temer, que est\u00e1 cada vez mais clara, ficar\u00e1 mais f\u00e1cil para o governo retomar a reforma da Previd\u00eancia Social, considerada vital para p\u00f4r em ordem as contas p\u00fablicas. Como se sabe, a situa\u00e7\u00e3o fiscal do pa\u00eds \u00e9 dram\u00e1tica.<\/p>\n<p>&nbsp;<\/p>\n<p>Com a retomada da reforma da Previd\u00eancia, os investidores se sentem mais confort\u00e1veis com a possibilidade de mudan\u00e7a nas metas fiscais deste ano e de 2018, de deficits m\u00e1ximos de R$ 139 bilh\u00f5es e R$ 129 bilh\u00f5es, respectivamente. Fala-se, entre t\u00e9cnicos da equipe econ\u00f4mica, de rombo entre R$ 150 bilh\u00f5es e R$ 155 bilh\u00f5es em 2017 e de at\u00e9 R$ 140 bilh\u00f5es no ano que vem.<\/p>\n<p>&nbsp;<\/p>\n<p>Os investidores ficaram muito confort\u00e1veis com a for\u00e7a demonstrada pelo Pal\u00e1cio do Planalto, que conseguiu reunir, antes do previsto, o n\u00famero necess\u00e1rios de deputados para dar in\u00edcio \u00e0 vota\u00e7\u00e3o do processo contra Temer por corrup\u00e7\u00e3o passiva.<\/p>\n<p>&nbsp;<\/p>\n<p>Para o mercado, \u00e9 importante que esse assunto seja resolvido o mais rapidamente poss\u00edvel, para que o pa\u00eds possa retomar a discuss\u00e3o de temas importantes para tirar a economia do atoleiro. O n\u00edvel da atividade come\u00e7a a dar sinais efetivos de melhora, mas \u00e9 preciso que a crise pol\u00edtica d\u00ea uma tr\u00e9gua para que os bons indicadores se consolidem.<\/p>\n<p>&nbsp;<\/p>\n<p>Os investidores acreditam que, se o governo conseguir pelo menos 280 votos a favor de Temer, esse ser\u00e1 o patamar inicial para a vota\u00e7\u00e3o da reforma da Previd\u00eancia. H\u00e1 deputados que s\u00e3o contra Temer, como se v\u00ea no PSDB, mas que admitem votar por mudan\u00e7as no sistema de aposentadoria e pens\u00e3o.<\/p>\n<p>&nbsp;<\/p>\n<p>A expectativa \u00e9 grande com o desenrolar desta quarta-feira. Operadores de mercado est\u00e3o contando cada voto e todos os movimentos dos partidos para tra\u00e7ar as estrat\u00e9gias de neg\u00f3cios.<\/p>\n","protected":false},"excerpt":{"rendered":"<p>Os investidores est\u00e3o confiantes na vit\u00f3ria do presidente Michel Temer na vota\u00e7\u00e3o desta quarta-feira, 2 de agosto, na C\u00e2mara dos Deputados. A Bolsa de Valores de S\u00e3o Paulo (B3) rompeu os 67 mil pontos, alta de quase 0,5%, e o d\u00f3lar caiu para R$ 3,12. &nbsp; Na avalia\u00e7\u00e3o do mercado, dependendo do tamanho da vit\u00f3ria [&hellip;]<\/p>\n","protected":false},"author":22,"featured_media":0,"comment_status":"open","ping_status":"closed","sticky":false,"template":"","format":"standard","meta":{"footnotes":""},"categories":[600],"tags":[2393,134,255,1078,343,2405,125,585],"class_list":["post-5509","post","type-post","status-publish","format-standard","hentry","category-economia","tag-bolsa","tag-camara","tag-corrupcao","tag-denuncia","tag-dolar","tag-michel","tag-temer","tag-votacao"],"_links":{"self":[{"href":"https:\/\/blogs.correiobraziliense.com.br\/vicente\/wp-json\/wp\/v2\/posts\/5509","targetHints":{"allow":["GET"]}}],"collection":[{"href":"https:\/\/blogs.correiobraziliense.com.br\/vicente\/wp-json\/wp\/v2\/posts"}],"about":[{"href":"https:\/\/blogs.correiobraziliense.com.br\/vicente\/wp-json\/wp\/v2\/types\/post"}],"author":[{"embeddable":true,"href":"https:\/\/blogs.correiobraziliense.com.br\/vicente\/wp-json\/wp\/v2\/users\/22"}],"replies":[{"embeddable":true,"href":"https:\/\/blogs.correiobraziliense.com.br\/vicente\/wp-json\/wp\/v2\/comments?post=5509"}],"version-history":[{"count":6,"href":"https:\/\/blogs.correiobraziliense.com.br\/vicente\/wp-json\/wp\/v2\/posts\/5509\/revisions"}],"predecessor-version":[{"id":5515,"href":"https:\/\/blogs.correiobraziliense.com.br\/vicente\/wp-json\/wp\/v2\/posts\/5509\/revisions\/5515"}],"wp:attachment":[{"href":"https:\/\/blogs.correiobraziliense.com.br\/vicente\/wp-json\/wp\/v2\/media?parent=5509"}],"wp:term":[{"taxonomy":"category","embeddable":true,"href":"https:\/\/blogs.correiobraziliense.com.br\/vicente\/wp-json\/wp\/v2\/categories?post=5509"},{"taxonomy":"post_tag","embeddable":true,"href":"https:\/\/blogs.correiobraziliense.com.br\/vicente\/wp-json\/wp\/v2\/tags?post=5509"}],"curies":[{"name":"wp","href":"https:\/\/api.w.org\/{rel}","templated":true}]}}