{"id":5505,"date":"2017-08-01T21:30:08","date_gmt":"2017-08-02T00:30:08","guid":{"rendered":"https:\/\/blogs.correiobraziliense.com.br\/vicente\/?p=5505"},"modified":"2017-08-01T22:10:24","modified_gmt":"2017-08-02T01:10:24","slug":"caixa-da-receita-federal-esta-chegando-ao-fim","status":"publish","type":"post","link":"https:\/\/blogs.correiobraziliense.com.br\/vicente\/caixa-da-receita-federal-esta-chegando-ao-fim\/","title":{"rendered":"Caixa da Receita Federal est\u00e1 chegando ao fim"},"content":{"rendered":"<h2>Respons\u00e1vel pela arrecada\u00e7\u00e3o de impostos, a Receita Federal poder chegar ao fim de agosto sem dinheiro nenhum para honrar seus contratos. Segundo funcion\u00e1rios do \u00f3rg\u00e3o, ou o governo faz uma suplementa\u00e7\u00e3o or\u00e7ament\u00e1ria, ou os contribuintes v\u00e3o penar para ter acesso aos servi\u00e7os prestados pelo Fisco.<\/h2>\n<p>&nbsp;<\/p>\n<p>A Receita, informam t\u00e9cnicos, j\u00e1 est\u00e1 com boa parte dos contratos com o Serpro, respons\u00e1vel pela sistema de tecnologia do \u00f3rg\u00e3o fiscalizador e arrecadador, em atraso. O risco de suspens\u00e3o dos servi\u00e7os por parte da estatal aumentou muito. As rela\u00e7\u00f5es entre o Fisco e a estatal s\u00f3 n\u00e3o foram cortadas por causa de uma negocia\u00e7\u00e3o do governo.<\/p>\n<p>&nbsp;<\/p>\n<p>T\u00e9cnicos afirmam que uma s\u00e9rie de alertas sobre a pen\u00faria da Receita j\u00e1 foi enviada aos minist\u00e9rios da Fazenda e do Planejamento, mas nenhuma medida concreta foi tomada para minimizar os danos. &#8220;S\u00f3 ouvimos promessas de que uma verba extra chegar\u00e1. Nada mais que isso&#8221;, afirma um funcion\u00e1rio da Receita.<\/p>\n<p>&nbsp;<\/p>\n<p><strong>Briga de minist\u00e9rios<\/strong><\/p>\n<p>&nbsp;<\/p>\n<p>A torcida, para evitar um apag\u00e3o na Receita, \u00e9 a libera\u00e7\u00e3o de parte dos R$ 45 bilh\u00f5es contingenciados pelo governo. O Planejamento \u00e9 a favor da redu\u00e7\u00e3o do contingenciamento do Or\u00e7amento, mas a Fazenda resiste, pois isso implicar\u00e1, obrigatoriamente, na mudan\u00e7a da meta fiscal deste ano, de deficit de at\u00e9 R$ 139 bilh\u00f5es.<\/p>\n<p>&nbsp;<\/p>\n<p>Dentro do governo e, sobretudo, na Receita, a expectativa \u00e9 de que o presidente Michel Temer acabe ouvindo os argumentos do Planejamento, que tem conseguido boas vit\u00f3rias na disputa de poder com a pasta comandada por Henrique Meirelles.<\/p>\n<p>&nbsp;<\/p>\n<p>Em conversas reservadas, Temer j\u00e1 avisou que, entre o apag\u00e3o da m\u00e1quina p\u00fablica e a mudan\u00e7a na meta fiscal, ficar\u00e1 com a segunda op\u00e7\u00e3o, mesmo que isso provoque um certo estresse no mercado financeiro. O presidente, altamente impopular, n\u00e3o quer enfrentar mais desgaste com a popula\u00e7\u00e3o.<\/p>\n<p>&nbsp;<\/p>\n<p>J\u00e1 bastou, segundo Temer, o governo ter sido obrigado a elevar impostos sobre combust\u00edveis, que v\u00e3o render cerca de R$ 10 bilh\u00f5es aos cofres p\u00fablicos, mas, mesmo assim, essa receita extra n\u00e3o ser\u00e1 suficiente para evitar um rombo maior nas finan\u00e7as federais.<\/p>\n<p>&nbsp;<\/p>\n<p><em>Bras\u00edlia, 21h30min<\/em><\/p>\n","protected":false},"excerpt":{"rendered":"<p>Respons\u00e1vel pela arrecada\u00e7\u00e3o de impostos, a Receita Federal poder chegar ao fim de agosto sem dinheiro nenhum para honrar seus contratos. Segundo funcion\u00e1rios do \u00f3rg\u00e3o, ou o governo faz uma suplementa\u00e7\u00e3o or\u00e7ament\u00e1ria, ou os contribuintes v\u00e3o penar para ter acesso aos servi\u00e7os prestados pelo Fisco. &nbsp; A Receita, informam t\u00e9cnicos, j\u00e1 est\u00e1 com boa parte [&hellip;]<\/p>\n","protected":false},"author":22,"featured_media":0,"comment_status":"open","ping_status":"closed","sticky":false,"template":"","format":"standard","meta":{"footnotes":""},"categories":[600],"tags":[110,76,2385,2407,2433,660,114,2496],"class_list":["post-5505","post","type-post","status-publish","format-standard","hentry","category-economia","tag-caixa","tag-deficit","tag-dinheiro","tag-federal","tag-fiscal","tag-receita","tag-serpro","tag-vazio"],"_links":{"self":[{"href":"https:\/\/blogs.correiobraziliense.com.br\/vicente\/wp-json\/wp\/v2\/posts\/5505","targetHints":{"allow":["GET"]}}],"collection":[{"href":"https:\/\/blogs.correiobraziliense.com.br\/vicente\/wp-json\/wp\/v2\/posts"}],"about":[{"href":"https:\/\/blogs.correiobraziliense.com.br\/vicente\/wp-json\/wp\/v2\/types\/post"}],"author":[{"embeddable":true,"href":"https:\/\/blogs.correiobraziliense.com.br\/vicente\/wp-json\/wp\/v2\/users\/22"}],"replies":[{"embeddable":true,"href":"https:\/\/blogs.correiobraziliense.com.br\/vicente\/wp-json\/wp\/v2\/comments?post=5505"}],"version-history":[{"count":1,"href":"https:\/\/blogs.correiobraziliense.com.br\/vicente\/wp-json\/wp\/v2\/posts\/5505\/revisions"}],"predecessor-version":[{"id":5506,"href":"https:\/\/blogs.correiobraziliense.com.br\/vicente\/wp-json\/wp\/v2\/posts\/5505\/revisions\/5506"}],"wp:attachment":[{"href":"https:\/\/blogs.correiobraziliense.com.br\/vicente\/wp-json\/wp\/v2\/media?parent=5505"}],"wp:term":[{"taxonomy":"category","embeddable":true,"href":"https:\/\/blogs.correiobraziliense.com.br\/vicente\/wp-json\/wp\/v2\/categories?post=5505"},{"taxonomy":"post_tag","embeddable":true,"href":"https:\/\/blogs.correiobraziliense.com.br\/vicente\/wp-json\/wp\/v2\/tags?post=5505"}],"curies":[{"name":"wp","href":"https:\/\/api.w.org\/{rel}","templated":true}]}}