{"id":5501,"date":"2017-08-01T17:51:50","date_gmt":"2017-08-01T20:51:50","guid":{"rendered":"https:\/\/blogs.correiobraziliense.com.br\/vicente\/?p=5501"},"modified":"2017-08-01T19:53:56","modified_gmt":"2017-08-01T22:53:56","slug":"cursos-de-medicina-ligados-ao-mais-medicos","status":"publish","type":"post","link":"https:\/\/blogs.correiobraziliense.com.br\/vicente\/cursos-de-medicina-ligados-ao-mais-medicos\/","title":{"rendered":"Cursos de medicina ligados ao Mais M\u00e9dicos"},"content":{"rendered":"<p>Angra dos Reis foi o \u00fanico munic\u00edpio fluminense contemplado pela portaria assinada nesta ter\u00e7a-feira, 1\u00ba de agosto, em Bras\u00edlia, que libera a cria\u00e7\u00e3o de cursos de medicina ligados ao Programa Mais M\u00e9dicos.<\/p>\n<p>&nbsp;<\/p>\n<p>A Est\u00e1cio de S\u00e1 vai abrir 55 vagas no campus de Angra dos Reis. A primeira turma come\u00e7ar\u00e1 a estudar ainda no segundo semestre desse ano. A institui\u00e7\u00e3o acad\u00eamica oferecer\u00e1 seis bolsas integrais.<\/p>\n<p>&nbsp;<\/p>\n","protected":false},"excerpt":{"rendered":"<p>Angra dos Reis foi o \u00fanico munic\u00edpio fluminense contemplado pela portaria assinada nesta ter\u00e7a-feira, 1\u00ba de agosto, em Bras\u00edlia, que libera a cria\u00e7\u00e3o de cursos de medicina ligados ao Programa Mais M\u00e9dicos. &nbsp; A Est\u00e1cio de S\u00e1 vai abrir 55 vagas no campus de Angra dos Reis. A primeira turma come\u00e7ar\u00e1 a estudar ainda no [&hellip;]<\/p>\n","protected":false},"author":22,"featured_media":0,"comment_status":"open","ping_status":"closed","sticky":false,"template":"","format":"standard","meta":{"footnotes":""},"categories":[600],"tags":[],"class_list":["post-5501","post","type-post","status-publish","format-standard","hentry","category-economia"],"_links":{"self":[{"href":"https:\/\/blogs.correiobraziliense.com.br\/vicente\/wp-json\/wp\/v2\/posts\/5501","targetHints":{"allow":["GET"]}}],"collection":[{"href":"https:\/\/blogs.correiobraziliense.com.br\/vicente\/wp-json\/wp\/v2\/posts"}],"about":[{"href":"https:\/\/blogs.correiobraziliense.com.br\/vicente\/wp-json\/wp\/v2\/types\/post"}],"author":[{"embeddable":true,"href":"https:\/\/blogs.correiobraziliense.com.br\/vicente\/wp-json\/wp\/v2\/users\/22"}],"replies":[{"embeddable":true,"href":"https:\/\/blogs.correiobraziliense.com.br\/vicente\/wp-json\/wp\/v2\/comments?post=5501"}],"version-history":[{"count":1,"href":"https:\/\/blogs.correiobraziliense.com.br\/vicente\/wp-json\/wp\/v2\/posts\/5501\/revisions"}],"predecessor-version":[{"id":5502,"href":"https:\/\/blogs.correiobraziliense.com.br\/vicente\/wp-json\/wp\/v2\/posts\/5501\/revisions\/5502"}],"wp:attachment":[{"href":"https:\/\/blogs.correiobraziliense.com.br\/vicente\/wp-json\/wp\/v2\/media?parent=5501"}],"wp:term":[{"taxonomy":"category","embeddable":true,"href":"https:\/\/blogs.correiobraziliense.com.br\/vicente\/wp-json\/wp\/v2\/categories?post=5501"},{"taxonomy":"post_tag","embeddable":true,"href":"https:\/\/blogs.correiobraziliense.com.br\/vicente\/wp-json\/wp\/v2\/tags?post=5501"}],"curies":[{"name":"wp","href":"https:\/\/api.w.org\/{rel}","templated":true}]}}