{"id":5499,"date":"2017-08-01T19:06:00","date_gmt":"2017-08-01T22:06:00","guid":{"rendered":"https:\/\/blogs.correiobraziliense.com.br\/vicente\/?p=5499"},"modified":"2017-08-01T19:49:52","modified_gmt":"2017-08-01T22:49:52","slug":"meirelles-avalia-anuncio-de-nova-meta-fiscal-na-semana-que-vem","status":"publish","type":"post","link":"https:\/\/blogs.correiobraziliense.com.br\/vicente\/meirelles-avalia-anuncio-de-nova-meta-fiscal-na-semana-que-vem\/","title":{"rendered":"Meirelles avalia an\u00fancio de nova meta fiscal na semana que vem"},"content":{"rendered":"<h2>ROSANA HESSEL<\/h2>\n<h2><\/h2>\n<h2>Interlocutores do ministro da Fazenda, Henrique Meirelles, dizem que ele ainda n\u00e3o bateu o martelo para a divulga\u00e7\u00e3o, na semana que vem, das novas metas fiscais para este ano e para 2018. Segundo ele, Meirelles est\u00e1 considerando essa possibilidade, mas ainda n\u00e3o bateu o martelo.<\/h2>\n<p>&nbsp;<\/p>\n<p>A determina\u00e7\u00e3o do ministro \u00e9 aguardar o resultado da vota\u00e7\u00e3o, na C\u00e2mara dos Deputados, do pedido para que o Supremo Tribunal Federal (STF) abra ou n\u00e3o processo para investigar o presidente Michel Temer por corrup\u00e7\u00e3o passiva. Meirelles acredita que o governo ter\u00e1 um resultado muito bom.<\/p>\n<p>&nbsp;<\/p>\n<p>Na avalia\u00e7\u00e3o de Meirelles, dependendo do tamanho da vit\u00f3ria de Temer, ser\u00e1 poss\u00edvel medir as reais chances de aprova\u00e7\u00e3o da reforma da Previd\u00eancia, cujo projeto empacou depois da dela\u00e7\u00e3o feita pelos empres\u00e1rios Joesley e Wesley Batista, donos do grupo JBS. At\u00e9 17 de maio, quando estouraram as den\u00fancias contra Temer, o governo acreditava ter quase 280 votos para aprovar as mudan\u00e7as no sistema de aposentadorias.<\/p>\n<p>&nbsp;<\/p>\n<p>Para Meirelles, com chances reais de andamento da reforma da Previd\u00eancia no Congresso, o governo teria mais for\u00e7a e credibilidade para anunciar mudan\u00e7as nas metas fiscais, que preveem deficit de at\u00e9 R$ 139 bilh\u00f5es em 2017 e de at\u00e9 R$ 129 bilh\u00f5es em 2018. Refor\u00e7aria, na vis\u00e3o dele, o compromisso com o ajuste fiscal de longo prazo.<\/p>\n<p>&nbsp;<\/p>\n<p><strong>Consultas ao mercado<\/strong><\/p>\n<p>&nbsp;<\/p>\n<p>Nas consultas que vem fazendo a agentes do mercado financeiro, Meirelles tem recebido aval para altera\u00e7\u00f5es nas metas, mas os operadores ressaltam que o rombo deste ano deve ser menor do que R$ 159 bilh\u00f5es. Fontes da equipe econ\u00f4mica garantem que o buraco deve ficar entre R$ 150 bilh\u00f5es e R$ 155 bilh\u00f5es em 2017 e em R$ 140 bilh\u00f5es no pr\u00f3ximo ano.<\/p>\n<p>&nbsp;<\/p>\n<p>A mudan\u00e7a nas metas \u00e9 vital para que o governo evite o colapso da m\u00e1quina p\u00fablica e possa absorver a frustra\u00e7\u00e3o de receitas. Uma delas, o atraso dos\u00a0leil\u00f5es de quatro usinas hidrel\u00e9tricas da Cemig, que, pelos c\u00e1lculos da Fazenda, podem render R$ 11 bilh\u00f5es. As usinas s\u00e3o alvo de uma disputa judicial entre a Uni\u00e3o e o governo de Minas Gerais, o que pode atrasar os leil\u00f5es, previstos para setembro, ou reduzir o valor dos ativos.<\/p>\n<p>&nbsp;<\/p>\n<p>Vale lembrar que mudan\u00e7as em metas fiscais devem ser feitas por meio de altera\u00e7\u00f5es na Lei de Diretrizes Or\u00e7ament\u00e1rias (LDO). Da\u00ed, a possibilidade de o governo enviar eventuais altera\u00e7\u00f5es ao Congresso na pr\u00f3xima semana, assim que a C\u00e2mara derrubar a den\u00fancia contra Temer. A mudan\u00e7a na LDO de 2018 deve ser feita antes de o governo encaminhar ao Legislativo a Lei Or\u00e7ament\u00e1ria do ano que vem, prevista para at\u00e9 31 de agosto.<\/p>\n","protected":false},"excerpt":{"rendered":"<p>ROSANA HESSEL Interlocutores do ministro da Fazenda, Henrique Meirelles, dizem que ele ainda n\u00e3o bateu o martelo para a divulga\u00e7\u00e3o, na semana que vem, das novas metas fiscais para este ano e para 2018. Segundo ele, Meirelles est\u00e1 considerando essa possibilidade, mas ainda n\u00e3o bateu o martelo. &nbsp; A determina\u00e7\u00e3o do ministro \u00e9 aguardar o [&hellip;]<\/p>\n","protected":false},"author":22,"featured_media":0,"comment_status":"open","ping_status":"closed","sticky":false,"template":"","format":"standard","meta":{"footnotes":""},"categories":[600],"tags":[254,567,2433,2431,2432,518,2488],"class_list":["post-5499","post","type-post","status-publish","format-standard","hentry","category-economia","tag-congresso","tag-fazenda","tag-fiscal","tag-henrique","tag-meirelles","tag-meta","tag-mudanca"],"_links":{"self":[{"href":"https:\/\/blogs.correiobraziliense.com.br\/vicente\/wp-json\/wp\/v2\/posts\/5499","targetHints":{"allow":["GET"]}}],"collection":[{"href":"https:\/\/blogs.correiobraziliense.com.br\/vicente\/wp-json\/wp\/v2\/posts"}],"about":[{"href":"https:\/\/blogs.correiobraziliense.com.br\/vicente\/wp-json\/wp\/v2\/types\/post"}],"author":[{"embeddable":true,"href":"https:\/\/blogs.correiobraziliense.com.br\/vicente\/wp-json\/wp\/v2\/users\/22"}],"replies":[{"embeddable":true,"href":"https:\/\/blogs.correiobraziliense.com.br\/vicente\/wp-json\/wp\/v2\/comments?post=5499"}],"version-history":[{"count":1,"href":"https:\/\/blogs.correiobraziliense.com.br\/vicente\/wp-json\/wp\/v2\/posts\/5499\/revisions"}],"predecessor-version":[{"id":5500,"href":"https:\/\/blogs.correiobraziliense.com.br\/vicente\/wp-json\/wp\/v2\/posts\/5499\/revisions\/5500"}],"wp:attachment":[{"href":"https:\/\/blogs.correiobraziliense.com.br\/vicente\/wp-json\/wp\/v2\/media?parent=5499"}],"wp:term":[{"taxonomy":"category","embeddable":true,"href":"https:\/\/blogs.correiobraziliense.com.br\/vicente\/wp-json\/wp\/v2\/categories?post=5499"},{"taxonomy":"post_tag","embeddable":true,"href":"https:\/\/blogs.correiobraziliense.com.br\/vicente\/wp-json\/wp\/v2\/tags?post=5499"}],"curies":[{"name":"wp","href":"https:\/\/api.w.org\/{rel}","templated":true}]}}