{"id":5488,"date":"2017-08-01T16:34:20","date_gmt":"2017-08-01T19:34:20","guid":{"rendered":"https:\/\/blogs.correiobraziliense.com.br\/vicente\/?p=5488"},"modified":"2017-08-01T19:10:20","modified_gmt":"2017-08-01T22:10:20","slug":"gerente-se-recusa-fazer-venda-em-loja-da-miu-miu","status":"publish","type":"post","link":"https:\/\/blogs.correiobraziliense.com.br\/vicente\/gerente-se-recusa-fazer-venda-em-loja-da-miu-miu\/","title":{"rendered":"Gerente se nega a fazer venda em loja da Miu Miu, no JK Iguatemi"},"content":{"rendered":"<h2>POR ANTONIO TEM\u00d3TEO<\/h2>\n<h2><\/h2>\n<h2>Um casal que visitava a loja da Miu Miu no shopping JK Iguatemi, em S\u00e3o Paulo (SP), passou por uma situa\u00e7\u00e3o, no m\u00ednimo, constrangedora. A namorada escolheu uma bolsa que custava R$ 2 mil, segundo a etiqueta. Quando chegaram ao caixa para fazer o pagamento, o sistema apontou que o produto custava R$ 8 mil.<\/h2>\n<p>&nbsp;<\/p>\n<p>Conhecedor do c\u00f3digo de defesa do consumidor, o rapaz disse que pagaria o pre\u00e7o que estava na etiqueta. A gerente da loja afirmou que venderia a bolsa pelos R$ 2 mil, mas descontaria a diferen\u00e7a da vendedora, o que seria uma irregularidade.<\/p>\n<p>&nbsp;<\/p>\n<p>O casal protestou mais uma vez e comentou que isso seria ilegal. Nervosa, a gerente autorizou a venda e deixou o caixa. Instantes depois, ela voltou ao posto de venda, disse que n\u00e3o autorizaria a opera\u00e7\u00e3o e avisou que havia ligado para o advogado da empresa.<\/p>\n<p>&nbsp;<\/p>\n<p>A tentativa de intimida\u00e7\u00e3o n\u00e3o deu certo. O casal chamou a pol\u00edcia e registrou uma reclama\u00e7\u00e3o no Procon de S\u00e3o Paulo. Todos foram levados para uma sala na administra\u00e7\u00e3o do shopping e uma ocorr\u00eancia foi lavrada. A gerente nega o ocorrido. Entretanto, a loja possui diversas c\u00e2meras de seguran\u00e7a que podem atestar o que aconteceu.<\/p>\n<p>&nbsp;<\/p>\n<p class=\"p1\">Em tempo: a Miu Miu \u00e9 uma marca de alta costura da Prada, inaugurada em 1993 e dirigida por Miuccia Prada. Ela \u00e9 neta do artes\u00e3o italinao Mario Prada, que fundou a empresa em 1913. O nome da loja \u00e9 uma refer\u00eancia ao apelido de inf\u00e2ncia de Miuccia.<\/p>\n<p>&nbsp;<\/p>\n<p>&nbsp;<\/p>\n<p>&nbsp;<\/p>\n<p>&nbsp;<\/p>\n","protected":false},"excerpt":{"rendered":"<p>POR ANTONIO TEM\u00d3TEO Um casal que visitava a loja da Miu Miu no shopping JK Iguatemi, em S\u00e3o Paulo (SP), passou por uma situa\u00e7\u00e3o, no m\u00ednimo, constrangedora. A namorada escolheu uma bolsa que custava R$ 2 mil, segundo a etiqueta. Quando chegaram ao caixa para fazer o pagamento, o sistema apontou que o produto custava [&hellip;]<\/p>\n","protected":false},"author":22,"featured_media":0,"comment_status":"open","ping_status":"closed","sticky":false,"template":"","format":"standard","meta":{"footnotes":""},"categories":[600],"tags":[2393,2495,2494,2493,2492],"class_list":["post-5488","post","type-post","status-publish","format-standard","hentry","category-economia","tag-bolsa","tag-codigo-de-defesa-do-consumidor","tag-gerente","tag-miu-miu","tag-prada"],"_links":{"self":[{"href":"https:\/\/blogs.correiobraziliense.com.br\/vicente\/wp-json\/wp\/v2\/posts\/5488","targetHints":{"allow":["GET"]}}],"collection":[{"href":"https:\/\/blogs.correiobraziliense.com.br\/vicente\/wp-json\/wp\/v2\/posts"}],"about":[{"href":"https:\/\/blogs.correiobraziliense.com.br\/vicente\/wp-json\/wp\/v2\/types\/post"}],"author":[{"embeddable":true,"href":"https:\/\/blogs.correiobraziliense.com.br\/vicente\/wp-json\/wp\/v2\/users\/22"}],"replies":[{"embeddable":true,"href":"https:\/\/blogs.correiobraziliense.com.br\/vicente\/wp-json\/wp\/v2\/comments?post=5488"}],"version-history":[{"count":2,"href":"https:\/\/blogs.correiobraziliense.com.br\/vicente\/wp-json\/wp\/v2\/posts\/5488\/revisions"}],"predecessor-version":[{"id":5498,"href":"https:\/\/blogs.correiobraziliense.com.br\/vicente\/wp-json\/wp\/v2\/posts\/5488\/revisions\/5498"}],"wp:attachment":[{"href":"https:\/\/blogs.correiobraziliense.com.br\/vicente\/wp-json\/wp\/v2\/media?parent=5488"}],"wp:term":[{"taxonomy":"category","embeddable":true,"href":"https:\/\/blogs.correiobraziliense.com.br\/vicente\/wp-json\/wp\/v2\/categories?post=5488"},{"taxonomy":"post_tag","embeddable":true,"href":"https:\/\/blogs.correiobraziliense.com.br\/vicente\/wp-json\/wp\/v2\/tags?post=5488"}],"curies":[{"name":"wp","href":"https:\/\/api.w.org\/{rel}","templated":true}]}}