{"id":5486,"date":"2017-08-01T11:35:27","date_gmt":"2017-08-01T14:35:27","guid":{"rendered":"https:\/\/blogs.correiobraziliense.com.br\/vicente\/?p=5486"},"modified":"2017-08-01T13:12:27","modified_gmt":"2017-08-01T16:12:27","slug":"dinheiro-do-governo-acaba-em-agosto-nova-meta-sai-na-semana-que-vem","status":"publish","type":"post","link":"https:\/\/blogs.correiobraziliense.com.br\/vicente\/dinheiro-do-governo-acaba-em-agosto-nova-meta-sai-na-semana-que-vem\/","title":{"rendered":"Dinheiro do governo acaba em agosto. Nova meta sai na semana que vem"},"content":{"rendered":"<h2>A falta de recursos na Esplanada \u00e9 total. T\u00e9cnicos que acompanham o dia a dia do caixa do Tesouro Nacional afirmam que, na melhor das hip\u00f3teses, s\u00f3 h\u00e1 recursos para movimentar a m\u00e1quina at\u00e9 o fim de agosto. O \u00fanico jeito de o governo evitar o colapso ser\u00e1 liberar parte dos R$ 45 bilh\u00f5es que est\u00e3o bloqueados para o ajuste fiscal.<\/h2>\n<h2><\/h2>\n<p>O quadro est\u00e1 t\u00e3o complicado, que, para liberar parte do Or\u00e7amento para despesas triviais, o governo deve antecipar, para a pr\u00f3xima semana, o an\u00fancio da mudan\u00e7a nas metas ficais deste ano e de 2018. O ministro da Fazenda, Henrique Meirelles, diz que o comunicado sobre as novas metas ser\u00e1 feito somente no fim do m\u00eas, com o envio, para o Congresso, da proposta de Or\u00e7amento do ano que vem. Mas a m\u00e1quina n\u00e3o aguentar\u00e1 esperar tanto tempo.<\/p>\n<p>&nbsp;<\/p>\n<p>Um t\u00e9cnico explica que a mudan\u00e7a nas metas fiscais e a libera\u00e7\u00e3o de recursos do Or\u00e7amento est\u00e3o ligadas. &#8220;Se o governo descontingencia recursos, a previs\u00e3o de deficit nas contas p\u00fablicas aumenta imediatamente, pois n\u00e3o h\u00e1 como rep\u00f4r as verbas. As perspectivas com receitas extras se mostraram invi\u00e1veis&#8221;, diz. &#8220;Ent\u00e3o, para ampliar as gastos, s\u00f3 com deficit fiscal maior.&#8221;<\/p>\n<p>&nbsp;<\/p>\n<p>A grande preocupa\u00e7\u00e3o do governo \u00e9 de n\u00e3o politizar o assunto, considerado sens\u00edvel por seus impactos no mercado financeiro. &#8220;\u00c9 natural que o governo queira dar um tratamento estritamente t\u00e9cnico \u00e0s mudan\u00e7as nas metas fiscais. Mas \u00e9 importante que a revis\u00e3o dos n\u00fameros ocorra r\u00e1pido. O dinheiro para bancar a m\u00e1quina est\u00e1 acabando&#8221;, refor\u00e7a outro integrante da equipe econ\u00f4mica.<\/p>\n<p>&nbsp;<\/p>\n<p>Nesta ter\u00e7a-feira, 1\u00ba de agosto, os ministros da Fazenda e do Planejamento, Dyogo Oliveira, tomaram caf\u00e9 da manh\u00e3 com o presidente do Banco Central, Ilan Goldfajn, e o senador Romero Juc\u00e1, defensor da mudan\u00e7a nas metas fiscais. Ele garante que, neste momento, em vez de parar a m\u00e1quina p\u00fablica, o governo deve ampliar os gastos. \u00c9 quest\u00e3o de sobreviv\u00eancia para uma administra\u00e7\u00e3o t\u00e3o impopular.<\/p>\n<p>&nbsp;<\/p>\n<p>O presidente Michel Temer j\u00e1 deu o aval para a fixa\u00e7\u00e3o de novas metas fiscais. A deste ano, de deficit de at\u00e9 R$ 139 bilh\u00f5es, pode chegar a R$ 155 bilh\u00f5es. A de 2018, de R$ 129 bilh\u00f5es, tende a saltar para R$ 140 bilh\u00f5es. Os n\u00fameros est\u00e3o sendo fechados. Os mais pessimistas falam em rombo de at\u00e9 R$ 159 bilh\u00f5es neste ano.<\/p>\n<p>&nbsp;<\/p>\n<p><em>Bras\u00edlia, 11h35min<\/em><\/p>\n","protected":false},"excerpt":{"rendered":"<p>A falta de recursos na Esplanada \u00e9 total. T\u00e9cnicos que acompanham o dia a dia do caixa do Tesouro Nacional afirmam que, na melhor das hip\u00f3teses, s\u00f3 h\u00e1 recursos para movimentar a m\u00e1quina at\u00e9 o fim de agosto. O \u00fanico jeito de o governo evitar o colapso ser\u00e1 liberar parte dos R$ 45 bilh\u00f5es que [&hellip;]<\/p>\n","protected":false},"author":22,"featured_media":0,"comment_status":"open","ping_status":"closed","sticky":false,"template":"","format":"standard","meta":{"footnotes":""},"categories":[600],"tags":[2385,2433,467,2431,2485,2432,518,2405,2487,125,2486],"class_list":["post-5486","post","type-post","status-publish","format-standard","hentry","category-economia","tag-dinheiro","tag-fiscal","tag-governo","tag-henrique","tag-liberacao","tag-meirelles","tag-meta","tag-michel","tag-sem","tag-temer","tag-verbas"],"_links":{"self":[{"href":"https:\/\/blogs.correiobraziliense.com.br\/vicente\/wp-json\/wp\/v2\/posts\/5486","targetHints":{"allow":["GET"]}}],"collection":[{"href":"https:\/\/blogs.correiobraziliense.com.br\/vicente\/wp-json\/wp\/v2\/posts"}],"about":[{"href":"https:\/\/blogs.correiobraziliense.com.br\/vicente\/wp-json\/wp\/v2\/types\/post"}],"author":[{"embeddable":true,"href":"https:\/\/blogs.correiobraziliense.com.br\/vicente\/wp-json\/wp\/v2\/users\/22"}],"replies":[{"embeddable":true,"href":"https:\/\/blogs.correiobraziliense.com.br\/vicente\/wp-json\/wp\/v2\/comments?post=5486"}],"version-history":[{"count":1,"href":"https:\/\/blogs.correiobraziliense.com.br\/vicente\/wp-json\/wp\/v2\/posts\/5486\/revisions"}],"predecessor-version":[{"id":5487,"href":"https:\/\/blogs.correiobraziliense.com.br\/vicente\/wp-json\/wp\/v2\/posts\/5486\/revisions\/5487"}],"wp:attachment":[{"href":"https:\/\/blogs.correiobraziliense.com.br\/vicente\/wp-json\/wp\/v2\/media?parent=5486"}],"wp:term":[{"taxonomy":"category","embeddable":true,"href":"https:\/\/blogs.correiobraziliense.com.br\/vicente\/wp-json\/wp\/v2\/categories?post=5486"},{"taxonomy":"post_tag","embeddable":true,"href":"https:\/\/blogs.correiobraziliense.com.br\/vicente\/wp-json\/wp\/v2\/tags?post=5486"}],"curies":[{"name":"wp","href":"https:\/\/api.w.org\/{rel}","templated":true}]}}