{"id":5470,"date":"2017-07-29T07:24:19","date_gmt":"2017-07-29T10:24:19","guid":{"rendered":"https:\/\/blogs.correiobraziliense.com.br\/vicente\/?p=5470"},"modified":"2017-07-29T21:28:32","modified_gmt":"2017-07-30T00:28:32","slug":"coluna-no-correio-o-fracasso-de-meirelles-e-queda-de-um-tabu","status":"publish","type":"post","link":"https:\/\/blogs.correiobraziliense.com.br\/vicente\/coluna-no-correio-o-fracasso-de-meirelles-e-queda-de-um-tabu\/","title":{"rendered":"Coluna no Correio: O fracasso de Meirelles e a queda de um tabu"},"content":{"rendered":"<p>A fervura \u00e0 qual foi submetida o ministro da Fazenda, Henrique Meirelles, tem um forte componente pol\u00edtico. Ao se apresentar como poss\u00edvel candidato \u00e0 Presid\u00eancia da Rep\u00fablica em 2018 e fazer movimentos de aproxima\u00e7\u00e3o com a bancada evang\u00e9lica, criou uma forte como\u00e7\u00e3o no PMDB do Senado, de onde vem partindo todo o tiroteio contra ele. Ainda que ningu\u00e9m acredite na for\u00e7a de Meirelles para alavancar votos, o time comandado pelo senador Romero Juc\u00e1 decidiu atuar para abat\u00ea-lo antes de al\u00e7ar voo. E foi direto no maior ponto fraco do ministro: o ajuste fiscal.<\/p>\n<p>Os movimentos de Juc\u00e1, com o aux\u00edlio da ala pol\u00edtica do Pal\u00e1cio do Planalto, obrigaram Meirelles a assumir, ainda que nos bastidores, a possibilidade de o governo rever as metas fiscais deste ano e de 2018. Aumentar as proje\u00e7\u00f5es de deficits, que, se ressalte, s\u00e3o elevad\u00edssimos, ser\u00e1 como o ministro assumir que fracassou. Quando tomou posse no comando da Fazenda, Meirelles fez quest\u00e3o de frisar que os tempos de estripulias nas contas p\u00fablicas haviam ficado para tr\u00e1s. A partir daquele momento, as finan\u00e7as federais seriam tratadas com extrema responsabilidade.<\/p>\n<p>Meirelles, inclusive, ressaltou, ao longo de meses, que o equil\u00edbrio fiscal era important\u00edssimo para selar a confian\u00e7a dos investidores e estimular a retomada do crescimento econ\u00f4mico. Agora, com as estimativas de rombo nas contas \u2014 de R$ 139 bilh\u00f5es neste ano e de R$ 129 bilh\u00f5es em 2018 \u2014 se mostrando insuficientes para acomodar todos os aumentos de gastos, a principal preocupa\u00e7\u00e3o do ministro \u00e9 construir um discurso que lhe garanta o m\u00ednimo de credibilidade. N\u00e3o \u00e0 toa, h\u00e1 dois dias, o Planalto vem dizendo, quando indagado sobre os ataques a Meirelles, que a responsabilidade sobre a meta fiscal \u00e9 exclusiva do ministro da Fazenda. O que ele decidir ser\u00e1 avalizado pelo presidente Michel Temer.<\/p>\n<p>\u201cO importante \u00e9 deixar claro nesse debate que uma poss\u00edvel mudan\u00e7a nas metas fiscais deixou de ser um tabu dentro do governo. Aquele discurso de que as metas s\u00e3o intoc\u00e1veis n\u00e3o existe mais\u201d, afirma um dos auxiliares mais pr\u00f3ximos do presidente Michel Temer. \u201cO tema est\u00e1 na pauta, mas n\u00e3o \u00e9 prioridade. N\u00e3o, agora\u201d, acrescenta.<\/p>\n<p>Assunto menor<\/p>\n<p>Os ataques contra Meirelles s\u00e3o assunto menor neste momento dentro do governo. O presidente Temer s\u00f3 tem cabe\u00e7a para a vota\u00e7\u00e3o, na C\u00e2mara dos Deputados, em 2 de agosto, do processo no qual \u00e9 acusado pela Procuradoria-Geral da Rep\u00fablica de corrup\u00e7\u00e3o passiva. O peemedebista acredita que o resultado a seu favor abrir\u00e1 um v\u00e1cuo para que possa votar a reforma da Previd\u00eancia Social sem qualquer nova concess\u00e3o no projeto que foi encaminhado ao Congresso. \u201cA ideia \u00e9 ir para o tudo ou nada. O governo n\u00e3o tem mais nada a perder\u201d, diz outro interlocutor do Planalto.<\/p>\n<p>Ele ressalta que, nas negocia\u00e7\u00f5es com deputados nas \u00faltimas semanas, Temer identificou que a proposta de mudan\u00e7a no sistema de aposentadoria pode ser casada com altera\u00e7\u00f5es nas metas fiscais. Os parlamentares se comprometeriam a dar votos favor\u00e1veis \u00e0 reforma, desde que houvesse um al\u00edvio no ajuste das contas. Para o Planalto, os investidores entenderiam perfeitamente esse discurso, pois a perspectiva de um freio no deficit da Previd\u00eancia significaria um controle no aumento da d\u00edvida p\u00fablica, que, em junho, atingiu o n\u00edvel mais elevado da hist\u00f3ria: 73,1% do Produto Interno Bruto (PIB).<\/p>\n<p>\u201cEnfim, os movimentos est\u00e3o todos a nosso favor. Temos pelo menos 280 votos para livrar o presidente da acusa\u00e7\u00e3o feita pela PGR. Se isso n\u00e3o for uma demonstra\u00e7\u00e3o de for\u00e7a, n\u00e3o sei o que \u00e9\u201d, ressalta um ministro peemedebista. A perspectiva \u00e9 de que, mesmo parlamentares que s\u00e3o contra Temer, mas a favor das reformas, engrossem a lista de apoio para liquidar a fatura da Previd\u00eancia o mais r\u00e1pido poss\u00edvel.<\/p>\n","protected":false},"excerpt":{"rendered":"<p>A fervura \u00e0 qual foi submetida o ministro da Fazenda, Henrique Meirelles, tem um forte componente pol\u00edtico. Ao se apresentar como poss\u00edvel candidato \u00e0 Presid\u00eancia da Rep\u00fablica em 2018 e fazer movimentos de aproxima\u00e7\u00e3o com a bancada evang\u00e9lica, criou uma forte como\u00e7\u00e3o no PMDB do Senado, de onde vem partindo todo o tiroteio contra ele. [&hellip;]<\/p>\n","protected":false},"author":22,"featured_media":0,"comment_status":"open","ping_status":"closed","sticky":false,"template":"","format":"standard","meta":{"footnotes":""},"categories":[600],"tags":[],"class_list":["post-5470","post","type-post","status-publish","format-standard","hentry","category-economia"],"_links":{"self":[{"href":"https:\/\/blogs.correiobraziliense.com.br\/vicente\/wp-json\/wp\/v2\/posts\/5470","targetHints":{"allow":["GET"]}}],"collection":[{"href":"https:\/\/blogs.correiobraziliense.com.br\/vicente\/wp-json\/wp\/v2\/posts"}],"about":[{"href":"https:\/\/blogs.correiobraziliense.com.br\/vicente\/wp-json\/wp\/v2\/types\/post"}],"author":[{"embeddable":true,"href":"https:\/\/blogs.correiobraziliense.com.br\/vicente\/wp-json\/wp\/v2\/users\/22"}],"replies":[{"embeddable":true,"href":"https:\/\/blogs.correiobraziliense.com.br\/vicente\/wp-json\/wp\/v2\/comments?post=5470"}],"version-history":[{"count":1,"href":"https:\/\/blogs.correiobraziliense.com.br\/vicente\/wp-json\/wp\/v2\/posts\/5470\/revisions"}],"predecessor-version":[{"id":5471,"href":"https:\/\/blogs.correiobraziliense.com.br\/vicente\/wp-json\/wp\/v2\/posts\/5470\/revisions\/5471"}],"wp:attachment":[{"href":"https:\/\/blogs.correiobraziliense.com.br\/vicente\/wp-json\/wp\/v2\/media?parent=5470"}],"wp:term":[{"taxonomy":"category","embeddable":true,"href":"https:\/\/blogs.correiobraziliense.com.br\/vicente\/wp-json\/wp\/v2\/categories?post=5470"},{"taxonomy":"post_tag","embeddable":true,"href":"https:\/\/blogs.correiobraziliense.com.br\/vicente\/wp-json\/wp\/v2\/tags?post=5470"}],"curies":[{"name":"wp","href":"https:\/\/api.w.org\/{rel}","templated":true}]}}