{"id":5459,"date":"2017-07-28T09:26:46","date_gmt":"2017-07-28T12:26:46","guid":{"rendered":"https:\/\/blogs.correiobraziliense.com.br\/vicente\/?p=5459"},"modified":"2017-07-28T12:41:30","modified_gmt":"2017-07-28T15:41:30","slug":"governo-pagara-metade-do-13o-para-aposentados-em-agosto","status":"publish","type":"post","link":"https:\/\/blogs.correiobraziliense.com.br\/vicente\/governo-pagara-metade-do-13o-para-aposentados-em-agosto\/","title":{"rendered":"Governo pagar\u00e1 metade do 13\u00ba para aposentados em agosto"},"content":{"rendered":"<h2>MAIZA SANTOS<\/h2>\n<h2><\/h2>\n<h2>Mesmo com todo o aperto no caixa, o governo decidiu pagar, em agosto, a primeira parcela do 13\u00ba sal\u00e1rio para aposentados e pensionistas do Instituto Nacional do Seguro Social (INSS). A decis\u00e3o foi publicada no Di\u00e1rio Oficial desta sexta-feira, 28. Ser\u00e3o beneficiados quase 30 milh\u00f5es de pessoas, que devem receber cerca de R$ 20 bilh\u00f5es.<\/h2>\n<p>&nbsp;<\/p>\n<p>O governo est\u00e1 apostando no consumo das fam\u00edlias para estimular a economia. Foi assim com a libera\u00e7\u00e3o das contas inativas do Fundo de Garantia do Tempo de Servi\u00e7o (FGTS), cujos recursos t\u00eam sustentado, sobretudo, as vendas dos supermercados, que cresceram 2,71% em junho ante o mesmo m\u00eas de 2016.<\/p>\n<p>&nbsp;<\/p>\n<p>A perspectiva do governo \u00e9 de que boa parte da primeira parcela do 13\u00ba de aposentados e pensionistas v\u00e1 para o consumo, uma vez que o dinheiro das contas inativas do FGTS contribuiu, em parte, para liquidar d\u00edvidas das fam\u00edlias. Essa limpeza do or\u00e7amento dom\u00e9stico abre espa\u00e7o para a compra de bens dur\u00e1veis e semi-dur\u00e1veis.<\/p>\n<p>&nbsp;<\/p>\n<p>Segundo o governo, tem direito ao 13\u00ba sal\u00e1rio aqueles que receberam, durante o ano, aposentadoria, pens\u00e3o por morte, aux\u00edlio-doen\u00e7a, aux\u00edlio-acidente, aux\u00edlio-reclus\u00e3o ou sal\u00e1rio-maternidade. \u00c9 preciso ressalta que, no caso de quem\u00a0recebe aux\u00edlio-doen\u00e7a e sal\u00e1rio-maternidade, o 13\u00ba ser\u00e1 proporcional ao per\u00edodo recebido. J\u00e1 as pessoas que\u00a0recebem Benef\u00edcio de Presta\u00e7\u00e3o Continuada (BPC) e Renda Mensal Vital\u00edcia (RMV) n\u00e3o t\u00eam direito ao sal\u00e1rio extra.<\/p>\n<p>&nbsp;<\/p>\n<p>Pelas regras definidas pelo INSS, o pagamento da primeira parcela do 13\u00ba sal\u00e1rio come\u00e7ar\u00e1 a ser depositado nas contas dos benefici\u00e1rios seguindo o calend\u00e1rio do m\u00eas de agosto, para os segurados que recebem at\u00e9 um sal\u00e1rio m\u00ednimo e t\u00eam cart\u00e3o com final 1, sem levar em conta o d\u00edgito. Quem ganha acima do m\u00ednimo, receber\u00e1 o extra a partir de setembro. A segunda parte do 13\u00ba ser\u00e1 quitada em novembro j\u00e1 com o devido desconto do Imposto de Renda, se for o caso.<\/p>\n<p>&nbsp;<\/p>\n<p>A antecipa\u00e7\u00e3o da primeira parcela do 13\u00ba sal\u00e1rio para aposentados e pensionistas vem sendo feita desde o governo de Dilma Rousseff.<\/p>\n<p>&nbsp;<\/p>\n<p><em>Bras\u00edlia, 09h26min<\/em><\/p>\n","protected":false},"excerpt":{"rendered":"<p>MAIZA SANTOS Mesmo com todo o aperto no caixa, o governo decidiu pagar, em agosto, a primeira parcela do 13\u00ba sal\u00e1rio para aposentados e pensionistas do Instituto Nacional do Seguro Social (INSS). A decis\u00e3o foi publicada no Di\u00e1rio Oficial desta sexta-feira, 28. Ser\u00e3o beneficiados quase 30 milh\u00f5es de pessoas, que devem receber cerca de R$ [&hellip;]<\/p>\n","protected":false},"author":22,"featured_media":0,"comment_status":"open","ping_status":"closed","sticky":false,"template":"","format":"standard","meta":{"footnotes":""},"categories":[600],"tags":[2470,410,2468,408,411,85,2469],"class_list":["post-5459","post","type-post","status-publish","format-standard","hentry","category-economia","tag-antecipacao","tag-aposentados","tag-decimo","tag-inss","tag-pensionistas","tag-salario","tag-terceiro"],"_links":{"self":[{"href":"https:\/\/blogs.correiobraziliense.com.br\/vicente\/wp-json\/wp\/v2\/posts\/5459","targetHints":{"allow":["GET"]}}],"collection":[{"href":"https:\/\/blogs.correiobraziliense.com.br\/vicente\/wp-json\/wp\/v2\/posts"}],"about":[{"href":"https:\/\/blogs.correiobraziliense.com.br\/vicente\/wp-json\/wp\/v2\/types\/post"}],"author":[{"embeddable":true,"href":"https:\/\/blogs.correiobraziliense.com.br\/vicente\/wp-json\/wp\/v2\/users\/22"}],"replies":[{"embeddable":true,"href":"https:\/\/blogs.correiobraziliense.com.br\/vicente\/wp-json\/wp\/v2\/comments?post=5459"}],"version-history":[{"count":4,"href":"https:\/\/blogs.correiobraziliense.com.br\/vicente\/wp-json\/wp\/v2\/posts\/5459\/revisions"}],"predecessor-version":[{"id":5464,"href":"https:\/\/blogs.correiobraziliense.com.br\/vicente\/wp-json\/wp\/v2\/posts\/5459\/revisions\/5464"}],"wp:attachment":[{"href":"https:\/\/blogs.correiobraziliense.com.br\/vicente\/wp-json\/wp\/v2\/media?parent=5459"}],"wp:term":[{"taxonomy":"category","embeddable":true,"href":"https:\/\/blogs.correiobraziliense.com.br\/vicente\/wp-json\/wp\/v2\/categories?post=5459"},{"taxonomy":"post_tag","embeddable":true,"href":"https:\/\/blogs.correiobraziliense.com.br\/vicente\/wp-json\/wp\/v2\/tags?post=5459"}],"curies":[{"name":"wp","href":"https:\/\/api.w.org\/{rel}","templated":true}]}}