{"id":5445,"date":"2017-07-27T06:14:46","date_gmt":"2017-07-27T09:14:46","guid":{"rendered":"https:\/\/blogs.correiobraziliense.com.br\/vicente\/?p=5445"},"modified":"2017-07-27T12:19:56","modified_gmt":"2017-07-27T15:19:56","slug":"coluna-no-correio-equipe-economica-cai-para-segunda-divisao","status":"publish","type":"post","link":"https:\/\/blogs.correiobraziliense.com.br\/vicente\/coluna-no-correio-equipe-economica-cai-para-segunda-divisao\/","title":{"rendered":"Coluna no Correio: A equipe econ\u00f4mica cai para a segunda divis\u00e3o"},"content":{"rendered":"<p>A equipe econ\u00f4mica que chegou ao governo de Michel Temer com o selo triplo A, ou seja, avalia\u00e7\u00e3o m\u00e1xima, est\u00e1 pr\u00f3xima de cair para a segunda divis\u00e3o. A enorme enrascada fiscal na qual o pa\u00eds se meteu indica que o prometido ajuste nas contas p\u00fablicas \u2014 bandeira alardeada pelo ministro da Fazenda, Henrique Meirelles \u2014 n\u00e3o aconteceu e, pior, o Pal\u00e1cio do Planalto j\u00e1 cogita mudar as metas deste ano e de 2018, de rombos de R$ 139 bilh\u00f5es e de R$ 129 bilh\u00f5es, respectivamente. \u00c9 a repeti\u00e7\u00e3o do filme de horror que se viu no fim da administra\u00e7\u00e3o da petista Dilma Rousseff.<\/p>\n<p>&nbsp;<\/p>\n<p>N\u00e3o h\u00e1 nenhum exagero nessa compara\u00e7\u00e3o. Tanto com Joaquim Levy quanto com Nelson Barbosa \u00e0 frente da Fazenda, a sa\u00edda era aumentar a previs\u00e3o de deficit nas contas quando a arrecada\u00e7\u00e3o se mostrava insuficiente e as receitas extraordin\u00e1rias n\u00e3o se confirmavam. Nas \u00faltimas duas semanas, Meirelles e o ministro do Planejamento, Dyogo Oliveira, come\u00e7aram a ensaiar o roteiro, com algumas adapta\u00e7\u00f5es. Anunciaram um pol\u00eamico aumento de impostos sobre combust\u00edveis para arrecadar R$ 10,4 bilh\u00f5es e contingenciaram R$ 5,9 bilh\u00f5es do Or\u00e7amento, recursos que poder\u00e3o ser liberados nos pr\u00f3ximos dias com base em expectativa de verbas extras com grandes chances de n\u00e3o se concretizarem.<\/p>\n<p>&nbsp;<\/p>\n<p>A necessidade de mudar as metas fiscais \u00e9 tamanha que o Pal\u00e1cio do Planalto j\u00e1 adequou o discurso. Se, at\u00e9 bem pouco tempo, negava peremptoriamente tal possibilidade, agora, passou a difundir o discurso de que, se, em algum momento, o tema entrar em debate, ser\u00e1 conduzido por Meirelles. Ele, segundo assessores de Temer, ser\u00e1 o piloto. Qualquer discuss\u00e3o, qualquer avalia\u00e7\u00e3o sobre altera\u00e7\u00e3o no deficit das contas p\u00fablicas, ter\u00e1 que passar pelo ministro da Fazenda. Esse \u00e9 um acordo de governo, a forma encontrada para dizer que o fiador da pol\u00edtica econ\u00f4mica est\u00e1 caindo na real.<\/p>\n<p>&nbsp;<\/p>\n<p><strong>Maquiagem<\/strong><\/p>\n<p>&nbsp;<\/p>\n<p>Antes, por\u00e9m, de fazer qualquer an\u00fancio, a equipe econ\u00f4mica tentar\u00e1 pavimentar junto aos investidores respaldo para a mudan\u00e7a das metas, especialmente a de 2018, que todos consideram mais dif\u00edcil de ser atingida. O governo n\u00e3o quer nenhum movimento at\u00edpico nos mercados, sobretudo neste momento de extrema fragilidade de Temer. H\u00e1, entre os t\u00e9cnicos, quem diga que os donos do dinheiro j\u00e1 est\u00e3o preparados para qualquer altera\u00e7\u00e3o nos deficits previstos, dadas \u00e0s condi\u00e7\u00f5es dram\u00e1ticas das contas p\u00fablicas e os elevados riscos de os servi\u00e7os prestados \u00e0 popula\u00e7\u00e3o entrarem em colapso.<\/p>\n<p>&nbsp;<\/p>\n<p>\u201cPara dizer a verdade, mesmo com todo o nosso discurso de que jamais mudar\u00edamos, o mercado nunca acreditou\u201d, ressalta um t\u00e9cnico. O importante, acredita ele, \u00e9 que os analistas sabem que, apesar de todas as dificuldades, a atual equipe econ\u00f4mica est\u00e1 compromissada em dar uma arruma\u00e7\u00e3o definitiva nas contas do governo. Tanto que trabalhou pesadamente e conseguiu aprovar, no Congresso, um teto para o crescimento das despesas federais nos pr\u00f3ximos 20 anos. \u201cA atual equipe econ\u00f4mica est\u00e1 longe de maquiar dados. H\u00e1 um esfor\u00e7o enorme de tratar a quest\u00e3o fiscal de forma transparente. Por isso, sempre teve a confian\u00e7a e o respaldo dos investidores\u201d, frisa.<\/p>\n<p>&nbsp;<\/p>\n<p>\u00c9 importante ressaltar, contudo, que houve um excesso de confian\u00e7a por parte do time comandado por Meirelles \u2014 e do mercado em rela\u00e7\u00e3o ao grupo. Assim que os integrantes da equipe assumiram, acreditaram que apenas seus curr\u00edculos estrelados seriam suficientes para mudar os rumos do pa\u00eds e, rapidamente, retirar a economia da recess\u00e3o. Erraram feio. A atividade continua no limbo, a arrecada\u00e7\u00e3o se mant\u00e9m no ch\u00e3o e o governo, mesmo com o discurso fiscalista do ministro da Fazenda, sancionou, sem nenhum pudor, aumento de gastos, sobretudo por meio de reajustes aos servidores.<\/p>\n<p>&nbsp;<\/p>\n<p>Resta saber at\u00e9 quando a reputa\u00e7\u00e3o da equipe econ\u00f4mica conseguir\u00e1 segurar o tranco da gravidade das contas p\u00fablicas. A do governo como um todo j\u00e1 se esfacelou h\u00e1 muito tempo. \u00c9 aguardar para ver.<\/p>\n","protected":false},"excerpt":{"rendered":"<p>A equipe econ\u00f4mica que chegou ao governo de Michel Temer com o selo triplo A, ou seja, avalia\u00e7\u00e3o m\u00e1xima, est\u00e1 pr\u00f3xima de cair para a segunda divis\u00e3o. A enorme enrascada fiscal na qual o pa\u00eds se meteu indica que o prometido ajuste nas contas p\u00fablicas \u2014 bandeira alardeada pelo ministro da Fazenda, Henrique Meirelles \u2014 [&hellip;]<\/p>\n","protected":false},"author":22,"featured_media":0,"comment_status":"open","ping_status":"closed","sticky":false,"template":"","format":"standard","meta":{"footnotes":""},"categories":[600],"tags":[202,2465,858,2433,2431,2432,541],"class_list":["post-5445","post","type-post","status-publish","format-standard","hentry","category-economia","tag-decepcao","tag-economica","tag-equipe","tag-fiscal","tag-henrique","tag-meirelles","tag-rombo"],"_links":{"self":[{"href":"https:\/\/blogs.correiobraziliense.com.br\/vicente\/wp-json\/wp\/v2\/posts\/5445","targetHints":{"allow":["GET"]}}],"collection":[{"href":"https:\/\/blogs.correiobraziliense.com.br\/vicente\/wp-json\/wp\/v2\/posts"}],"about":[{"href":"https:\/\/blogs.correiobraziliense.com.br\/vicente\/wp-json\/wp\/v2\/types\/post"}],"author":[{"embeddable":true,"href":"https:\/\/blogs.correiobraziliense.com.br\/vicente\/wp-json\/wp\/v2\/users\/22"}],"replies":[{"embeddable":true,"href":"https:\/\/blogs.correiobraziliense.com.br\/vicente\/wp-json\/wp\/v2\/comments?post=5445"}],"version-history":[{"count":3,"href":"https:\/\/blogs.correiobraziliense.com.br\/vicente\/wp-json\/wp\/v2\/posts\/5445\/revisions"}],"predecessor-version":[{"id":5454,"href":"https:\/\/blogs.correiobraziliense.com.br\/vicente\/wp-json\/wp\/v2\/posts\/5445\/revisions\/5454"}],"wp:attachment":[{"href":"https:\/\/blogs.correiobraziliense.com.br\/vicente\/wp-json\/wp\/v2\/media?parent=5445"}],"wp:term":[{"taxonomy":"category","embeddable":true,"href":"https:\/\/blogs.correiobraziliense.com.br\/vicente\/wp-json\/wp\/v2\/categories?post=5445"},{"taxonomy":"post_tag","embeddable":true,"href":"https:\/\/blogs.correiobraziliense.com.br\/vicente\/wp-json\/wp\/v2\/tags?post=5445"}],"curies":[{"name":"wp","href":"https:\/\/api.w.org\/{rel}","templated":true}]}}