{"id":5443,"date":"2017-07-26T18:01:15","date_gmt":"2017-07-26T21:01:15","guid":{"rendered":"https:\/\/blogs.correiobraziliense.com.br\/vicente\/?p=5443"},"modified":"2017-07-26T18:01:15","modified_gmt":"2017-07-26T21:01:15","slug":"bc-reduz-juros-em-um-ponto-percentual-para-925-ao-ano","status":"publish","type":"post","link":"https:\/\/blogs.correiobraziliense.com.br\/vicente\/bc-reduz-juros-em-um-ponto-percentual-para-925-ao-ano\/","title":{"rendered":"BC reduz juros em um ponto percentual, para 9,25% ao ano"},"content":{"rendered":"<p>POR ANTONIO TEM\u00d3TEO<\/p>\n<p>&nbsp;<\/p>\n<p>O Comit\u00ea de Pol\u00edtica Monet\u00e1ria (Copom) do Banco Central (BC) reduziu a taxa b\u00e1sica de juros (Selic) em um ponto percentual, para 9,25% ao ano. A decis\u00e3o, tomada por unanimidade pelo colegiado, era amplamente esperada pelo mercado.<\/p>\n<p>&nbsp;<\/p>\n<p>O que os analistas querem saber agora s\u00e3o os pr\u00f3ximos passos do BC. Diante da escalada da crise pol\u00edtica, das press\u00f5es inflacion\u00e1rias decorrentes da alta de impostos e da poss\u00edvel mudan\u00e7a de bandeira tarif\u00e1ria, h\u00e1 risco de que o ritmo de queda de juros diminua significativamente.<\/p>\n<p>&nbsp;<\/p>\n<p>O risco de que o governo n\u00e3o cumpra a meta de fiscal de 2017, que prev\u00ea um rombo de R$ 139 bilh\u00f5es nas contas p\u00fablicas, tamb\u00e9m est\u00e1 no radar dos analistas. A equipe de Ilan Goldfajn tem dado peso significativo ao reequil\u00edbrio nas finan\u00e7as do Executivo como condi\u00e7\u00e3o para reduzir os juros.<\/p>\n<p>&nbsp;<\/p>\n<p>Apesar das press\u00f5es, a mediana das expectativas do mercado apontam que os juros terminar\u00e3o o ano entre 7% e 8% ao ano. Al\u00e9m disso, as proje\u00e7\u00f5es para infla\u00e7\u00e3o ancoradas e o IPCA tem surpreendido positivamente. Uma piora do ambiente interno, entretanto, pode prejudicar esse processo, sobretudo se o pre\u00e7o do d\u00f3lar subir consideravelmente.<\/p>\n","protected":false},"excerpt":{"rendered":"<p>POR ANTONIO TEM\u00d3TEO &nbsp; O Comit\u00ea de Pol\u00edtica Monet\u00e1ria (Copom) do Banco Central (BC) reduziu a taxa b\u00e1sica de juros (Selic) em um ponto percentual, para 9,25% ao ano. A decis\u00e3o, tomada por unanimidade pelo colegiado, era amplamente esperada pelo mercado. &nbsp; O que os analistas querem saber agora s\u00e3o os pr\u00f3ximos passos do BC. [&hellip;]<\/p>\n","protected":false},"author":22,"featured_media":0,"comment_status":"open","ping_status":"closed","sticky":false,"template":"","format":"standard","meta":{"footnotes":""},"categories":[600],"tags":[106,99,107,14,4,565,2464,34],"class_list":["post-5443","post","type-post","status-publish","format-standard","hentry","category-economia","tag-bc","tag-copom","tag-ilan-goldfajn","tag-inflacao","tag-juros","tag-meta-fiscal","tag-pressoes","tag-selic"],"_links":{"self":[{"href":"https:\/\/blogs.correiobraziliense.com.br\/vicente\/wp-json\/wp\/v2\/posts\/5443","targetHints":{"allow":["GET"]}}],"collection":[{"href":"https:\/\/blogs.correiobraziliense.com.br\/vicente\/wp-json\/wp\/v2\/posts"}],"about":[{"href":"https:\/\/blogs.correiobraziliense.com.br\/vicente\/wp-json\/wp\/v2\/types\/post"}],"author":[{"embeddable":true,"href":"https:\/\/blogs.correiobraziliense.com.br\/vicente\/wp-json\/wp\/v2\/users\/22"}],"replies":[{"embeddable":true,"href":"https:\/\/blogs.correiobraziliense.com.br\/vicente\/wp-json\/wp\/v2\/comments?post=5443"}],"version-history":[{"count":1,"href":"https:\/\/blogs.correiobraziliense.com.br\/vicente\/wp-json\/wp\/v2\/posts\/5443\/revisions"}],"predecessor-version":[{"id":5444,"href":"https:\/\/blogs.correiobraziliense.com.br\/vicente\/wp-json\/wp\/v2\/posts\/5443\/revisions\/5444"}],"wp:attachment":[{"href":"https:\/\/blogs.correiobraziliense.com.br\/vicente\/wp-json\/wp\/v2\/media?parent=5443"}],"wp:term":[{"taxonomy":"category","embeddable":true,"href":"https:\/\/blogs.correiobraziliense.com.br\/vicente\/wp-json\/wp\/v2\/categories?post=5443"},{"taxonomy":"post_tag","embeddable":true,"href":"https:\/\/blogs.correiobraziliense.com.br\/vicente\/wp-json\/wp\/v2\/tags?post=5443"}],"curies":[{"name":"wp","href":"https:\/\/api.w.org\/{rel}","templated":true}]}}