{"id":5433,"date":"2017-07-26T15:13:00","date_gmt":"2017-07-26T18:13:00","guid":{"rendered":"https:\/\/blogs.correiobraziliense.com.br\/vicente\/?p=5433"},"modified":"2017-07-26T16:42:12","modified_gmt":"2017-07-26T19:42:12","slug":"governo-quer-economizar-r-11-bi-com-adiamento-de-reajuste-servidores","status":"publish","type":"post","link":"https:\/\/blogs.correiobraziliense.com.br\/vicente\/governo-quer-economizar-r-11-bi-com-adiamento-de-reajuste-servidores\/","title":{"rendered":"Governo quer economizar R$ 11 bi com adiamento de reajuste a servidores"},"content":{"rendered":"<h2>HAMILTON FERRARI E ROSANA HESSEL<\/h2>\n<h2><\/h2>\n<h2>Com as contas p\u00fablicas em frangalhos (o rombo no primeiro primeiro semestre chegou a R$ 56 milh\u00f5es), o governo est\u00e1 raspando o tacho e tentando revisar uma s\u00e9rie de gastos. Segundo a secret\u00e1ria do Tesouro Nacional, Ana Paula Vescovi, est\u00e1 em estudo a possibilidade de o Minist\u00e9rio do Planejamento adiar, de janeiro para julho de 2018, o pagamento de mais uma parcela de reajuste aos servidores p\u00fablicos. Os c\u00e1lculos iniciais apontam para uma economia de R$ 11 bilh\u00f5es nesses seis meses de adiamento. O reajuste total no ano que vem passar\u00e1 de R$ 22 bilh\u00f5es.<\/h2>\n<p>&nbsp;<\/p>\n<p>&#8220;O que est\u00e1 em lista para ser estudado, dentro de um contexto de revis\u00e3o de despesas obrigat\u00f3rias, \u00e9 a prorroga\u00e7\u00e3o dos reajustes concedidos no ano passado, visando um prazo maior de tempo, de quatro anos&#8221;, disse Ana Paula. Isso quer dizer que, tamb\u00e9m a parcela de reajuste de 2019 poder\u00e1 ser adiada. Os acordos firmados com os servidores para aumento de sal\u00e1rios v\u00e3o de 2016 a 2019. No total, os aumentos custar\u00e3o mais de R$ 100 bilh\u00f5es.<\/p>\n<p>&nbsp;<\/p>\n<p>O governo sabe que ser\u00e1 uma guerra convencer os servidores a esperarem mais seis meses para receberem o que foi acertado com o Planejamento e aprovado pelo Congresso. Mas tentar\u00e1 convencer as categorias contempladas com reajustes que o momento \u00e9 dram\u00e1tico para as contas p\u00fablicas. N\u00e3o h\u00e1 dinheiro sequer para bancar servi\u00e7os essenciais. O risco de apag\u00e3o da m\u00e1quina \u00e9 real. O assunto ser\u00e1 tema de uma conversa entre os ministros do Planejamento, Dyogo Oliveira, e da Fazenda, Henrique Meirelles, amanh\u00e3.<\/p>\n<p>&nbsp;<\/p>\n<p>&#8220;O que pode se discutir, est\u00e1 se discutindo, \u00e9 a posterga\u00e7\u00e3o de um reajuste aprovado em lei. Uma prorroga\u00e7\u00e3o em alguns meses, em algum per\u00edodo. Existe uma hip\u00f3tese sobre esse adiamento que pode vir a ser estudado nesses termos. \u00c9 algo que \u00e9 poss\u00edvel de ser estudado dentro de um contexto de revis\u00e3o de despesas obrigat\u00f3rias&#8221;,\u00a0afirmou a secret\u00e1ria do Tesouro.<\/p>\n<p>&nbsp;<\/p>\n<p>Muitos est\u00e3o c\u00e9ticos. Assim como n\u00e3o enfrentou os servidores durante as negocia\u00e7\u00f5es salariais, temendo repres\u00e1lias, \u00e9 dif\u00edcil acreditar que o governo far\u00e1 isso agora, com o presidente Michel Temer superfragilizado, correndo o risco de perder o mandato. As corpora\u00e7\u00f5es s\u00e3o muito organizados e t\u00eam forte influ\u00eancia no Congresso, onde o peemedebista precisa acumular apoio para barrar a den\u00fancia contra ele de corrup\u00e7\u00e3o passiva feita pela Procuradoria-Geral da Rep\u00fablica.<\/p>\n<p>&nbsp;<\/p>\n<p>Pelos movimentos iniciais, os servidores criar\u00e3o muita dificuldade para aceitar a proposta do governo. Na verdade, em vez de adiar o recebimento dos reajustes, eles eles t\u00e3o pedindo mais aumento. O carreir\u00e3o, por exemplo, que re\u00fane a base do funcionalismo, est\u00e1 pedindo equipara\u00e7\u00e3o com a elite do servi\u00e7o p\u00fablico. O carreir\u00e3o fechou acordo para aumento de 10,8% em dois anos, 2016 e 2017. Eles querem elevar esse ganho para pelo menos 27,8%, com mais dois anos de reajustes, at\u00e9 2016. Essa fatura pode custar at\u00e9 R$ 16 bilh\u00f5es ao governo.<\/p>\n<p>&nbsp;<\/p>\n<p><em>Bras\u00edlia, 15h13min, atualizada \u00e0s 16h05min<\/em><\/p>\n","protected":false},"excerpt":{"rendered":"<p>HAMILTON FERRARI E ROSANA HESSEL Com as contas p\u00fablicas em frangalhos (o rombo no primeiro primeiro semestre chegou a R$ 56 milh\u00f5es), o governo est\u00e1 raspando o tacho e tentando revisar uma s\u00e9rie de gastos. Segundo a secret\u00e1ria do Tesouro Nacional, Ana Paula Vescovi, est\u00e1 em estudo a possibilidade de o Minist\u00e9rio do Planejamento adiar, [&hellip;]<\/p>\n","protected":false},"author":22,"featured_media":0,"comment_status":"open","ping_status":"closed","sticky":false,"template":"","format":"standard","meta":{"footnotes":""},"categories":[600],"tags":[],"class_list":["post-5433","post","type-post","status-publish","format-standard","hentry","category-economia"],"_links":{"self":[{"href":"https:\/\/blogs.correiobraziliense.com.br\/vicente\/wp-json\/wp\/v2\/posts\/5433","targetHints":{"allow":["GET"]}}],"collection":[{"href":"https:\/\/blogs.correiobraziliense.com.br\/vicente\/wp-json\/wp\/v2\/posts"}],"about":[{"href":"https:\/\/blogs.correiobraziliense.com.br\/vicente\/wp-json\/wp\/v2\/types\/post"}],"author":[{"embeddable":true,"href":"https:\/\/blogs.correiobraziliense.com.br\/vicente\/wp-json\/wp\/v2\/users\/22"}],"replies":[{"embeddable":true,"href":"https:\/\/blogs.correiobraziliense.com.br\/vicente\/wp-json\/wp\/v2\/comments?post=5433"}],"version-history":[{"count":9,"href":"https:\/\/blogs.correiobraziliense.com.br\/vicente\/wp-json\/wp\/v2\/posts\/5433\/revisions"}],"predecessor-version":[{"id":5442,"href":"https:\/\/blogs.correiobraziliense.com.br\/vicente\/wp-json\/wp\/v2\/posts\/5433\/revisions\/5442"}],"wp:attachment":[{"href":"https:\/\/blogs.correiobraziliense.com.br\/vicente\/wp-json\/wp\/v2\/media?parent=5433"}],"wp:term":[{"taxonomy":"category","embeddable":true,"href":"https:\/\/blogs.correiobraziliense.com.br\/vicente\/wp-json\/wp\/v2\/categories?post=5433"},{"taxonomy":"post_tag","embeddable":true,"href":"https:\/\/blogs.correiobraziliense.com.br\/vicente\/wp-json\/wp\/v2\/tags?post=5433"}],"curies":[{"name":"wp","href":"https:\/\/api.w.org\/{rel}","templated":true}]}}