{"id":5426,"date":"2017-07-26T06:46:48","date_gmt":"2017-07-26T09:46:48","guid":{"rendered":"https:\/\/blogs.correiobraziliense.com.br\/vicente\/?p=5426"},"modified":"2017-07-26T11:21:24","modified_gmt":"2017-07-26T14:21:24","slug":"e-o-dream-team-da-economia-esta-cada-vez-mais-com-cara-do-pt","status":"publish","type":"post","link":"https:\/\/blogs.correiobraziliense.com.br\/vicente\/e-o-dream-team-da-economia-esta-cada-vez-mais-com-cara-do-pt\/","title":{"rendered":"E o dream team da economia est\u00e1 cada vez mais com a cara do PT"},"content":{"rendered":"<h2>A equipe liderada por Henrique Meirelles chegou ao governo de Michel Temer sob aplausos da maioria do mercado financeiro. Exaltada pela grande capacidade t\u00e9cnica, logo se tornou o esteio de uma administra\u00e7\u00e3o claudicante, recheada de pol\u00edticos suspeitos de corrup\u00e7\u00e3o. Todos os defeitos de Temer e de seus asseclas foram deixados de lado sob o argumento de que Meirelles e companhia seriam suficientes para dar um jeito no Brasil, que estava mergulhado na mais grave recess\u00e3o da hist\u00f3ria.<\/h2>\n<p>&nbsp;<\/p>\n<p>A lua de mel dos investidores com o dream team foi cantada em verso em prosa. Poucas semanas depois da posse da equipe de Meirelles, j\u00e1 se dizia que o pa\u00eds estava deixando o pior momento para tr\u00e1s. Come\u00e7aram a surgir estimativas muito positivas para a economia. Houve bancos, como o Bradesco, que chegaram a falar em crescimento de 2% para o Produto Interno Bruto (PIB) neste ano e de 3% em 2018. V\u00e1rias institui\u00e7\u00f5es embarcaram nessa onda de otimismo, inclusive o ministro da Fazenda.<\/p>\n<p>&nbsp;<\/p>\n<p>O excesso de confian\u00e7a da equipe econ\u00f4mica cresceu quando o governo conseguiu aprovar, no Congresso, o teto para os gastos. Aquele evento foi visto como um marco da administra\u00e7\u00e3o p\u00fablica. Meirelles e companhia sentenciaram que a farra fiscal chegava ao fim. Mas, j\u00e1 durante da discuss\u00e3o de Proposta de Emenda \u00e0 Constitui\u00e7\u00e3o (PEC) dos gastos, no Legislativo, tanto o governo quanto o mercado come\u00e7avam a se dar conta de que a t\u00e3o alardeada retomada da economia era uma farsa. A op\u00e7\u00e3o, por\u00e9m, foi por ignorar a realidade.<\/p>\n<p>&nbsp;<\/p>\n<p>A fragilidade da economia estava aprofundando o deficit p\u00fablico. Com a arrecada\u00e7\u00e3o em baixa, o governo passou a contar, desesperadamente, com receitas extras, como se viu muito na administra\u00e7\u00e3o de Dilma Rousseff. A orienta\u00e7\u00e3o na Fazenda e no Minist\u00e9rio do Planejamento, contudo, foi a de manter o discurso positivo, de que tudo estava caminhando como o previsto.<\/p>\n<p>&nbsp;<\/p>\n<p>A soberba, por sinal, levou a um erro inadmiss\u00edvel no c\u00e1lculo do deficit p\u00fablico de 2016. Primeiro, anunciou-se um rombo de R$ 154,2 bilh\u00f5es. Recentemente, o Tesouro Nacional admitiu que o buraco, na verdade, havia sido de R$ 161,2 bilh\u00f5es porque os t\u00e9cnicos tinham errado nos c\u00e1lculos do Fies, o fundo de financiamento de estudantes universit\u00e1rios.<\/p>\n<p>&nbsp;<\/p>\n<p>Agora, com a recess\u00e3o ainda fazendo estrago, o desemprego alarmante, as empresas superendividadas, explicitou-se que a equipe econ\u00f4mica, que se apresentou como a salva\u00e7\u00e3o do pa\u00eds, que proclamou em alto e bom som que o Brasil havia, enfim, sa\u00eddo do atoleiro, n\u00e3o conseguiu fazer nada. O caos fiscal entregue por Dilma aumentou. E nem mesmo o aumento de impostos sobre combust\u00edveis, que, por enquanto, est\u00e1 suspenso pela Justi\u00e7a, ser\u00e1 capaz ajudar o governo a cumprir a meta fiscal, de deficit de at\u00e9 R$ 139 bilh\u00f5es neste ano.<\/p>\n<p>&nbsp;<\/p>\n<p>O mito do dream team est\u00e1 se desfazendo. O Brasil caminha, rapidamente, para um apag\u00e3o fiscal, sem dinheiro para cumprir a meta de deficit e com os servi\u00e7os p\u00fablicos \u00e0 beira do colapso. O discurso bonito de Meirelles e companhia j\u00e1 n\u00e3o convence. O quadro que vemos hoje \u00e9 o mesmo que antecedeu \u00e0 queda de Joaquim Levy do Minist\u00e9rio da Fazenda. \u00c9 incr\u00edvel como esse filme de terror insiste em nos perturbar.<\/p>\n<p>&nbsp;<\/p>\n<p><em>Bras\u00edlia, 06h46min\u00a0<\/em><\/p>\n","protected":false},"excerpt":{"rendered":"<p>A equipe liderada por Henrique Meirelles chegou ao governo de Michel Temer sob aplausos da maioria do mercado financeiro. Exaltada pela grande capacidade t\u00e9cnica, logo se tornou o esteio de uma administra\u00e7\u00e3o claudicante, recheada de pol\u00edticos suspeitos de corrup\u00e7\u00e3o. Todos os defeitos de Temer e de seus asseclas foram deixados de lado sob o argumento [&hellip;]<\/p>\n","protected":false},"author":22,"featured_media":0,"comment_status":"open","ping_status":"closed","sticky":false,"template":"","format":"standard","meta":{"footnotes":""},"categories":[600],"tags":[2460,2461,2433,2431,2432,111,2462,414],"class_list":["post-5426","post","type-post","status-publish","format-standard","hentry","category-economia","tag-ajuste","tag-apagao","tag-fiscal","tag-henrique","tag-meirelles","tag-michel-temer","tag-publicos","tag-servicos"],"_links":{"self":[{"href":"https:\/\/blogs.correiobraziliense.com.br\/vicente\/wp-json\/wp\/v2\/posts\/5426","targetHints":{"allow":["GET"]}}],"collection":[{"href":"https:\/\/blogs.correiobraziliense.com.br\/vicente\/wp-json\/wp\/v2\/posts"}],"about":[{"href":"https:\/\/blogs.correiobraziliense.com.br\/vicente\/wp-json\/wp\/v2\/types\/post"}],"author":[{"embeddable":true,"href":"https:\/\/blogs.correiobraziliense.com.br\/vicente\/wp-json\/wp\/v2\/users\/22"}],"replies":[{"embeddable":true,"href":"https:\/\/blogs.correiobraziliense.com.br\/vicente\/wp-json\/wp\/v2\/comments?post=5426"}],"version-history":[{"count":1,"href":"https:\/\/blogs.correiobraziliense.com.br\/vicente\/wp-json\/wp\/v2\/posts\/5426\/revisions"}],"predecessor-version":[{"id":5427,"href":"https:\/\/blogs.correiobraziliense.com.br\/vicente\/wp-json\/wp\/v2\/posts\/5426\/revisions\/5427"}],"wp:attachment":[{"href":"https:\/\/blogs.correiobraziliense.com.br\/vicente\/wp-json\/wp\/v2\/media?parent=5426"}],"wp:term":[{"taxonomy":"category","embeddable":true,"href":"https:\/\/blogs.correiobraziliense.com.br\/vicente\/wp-json\/wp\/v2\/categories?post=5426"},{"taxonomy":"post_tag","embeddable":true,"href":"https:\/\/blogs.correiobraziliense.com.br\/vicente\/wp-json\/wp\/v2\/tags?post=5426"}],"curies":[{"name":"wp","href":"https:\/\/api.w.org\/{rel}","templated":true}]}}