{"id":5418,"date":"2017-07-25T18:32:39","date_gmt":"2017-07-25T21:32:39","guid":{"rendered":"https:\/\/blogs.correiobraziliense.com.br\/vicente\/?p=5418"},"modified":"2017-07-25T19:26:27","modified_gmt":"2017-07-25T22:26:27","slug":"com-apoio-de-dodge-mp-garante-reajuste-de-167-para-procuradores","status":"publish","type":"post","link":"https:\/\/blogs.correiobraziliense.com.br\/vicente\/com-apoio-de-dodge-mp-garante-reajuste-de-167-para-procuradores\/","title":{"rendered":"Com apoio de Dodge, MP garante reajuste de 16,7% para procuradores"},"content":{"rendered":"<h2>BERNARDO BITTAR<\/h2>\n<h2><\/h2>\n<h2>Em meio a uma crise fiscal sem precedentes, com o governo anunciando um programa de demiss\u00f5es volunt\u00e1rias (PDV), o Conselho Superior do Minist\u00e9rio P\u00fablico Federal (MPF) aprovou aumento de 16,7% nos sal\u00e1rios dos procuradores da Rep\u00fablica. O reajuste, previsto para 2018, foi sugerido pela futura procuradora-geral da Rep\u00fablica, Raquel Dodge.<\/h2>\n<p>&nbsp;<\/p>\n<p>O aumento dos sal\u00e1rios foi proposto dentro da defini\u00e7\u00e3o do Or\u00e7amento do Minist\u00e9rio P\u00fablico para o pr\u00f3ximo ano, o qual dever\u00e1 ser aprovado pelo Congresso. Dodge sugeriu e conseguiu aprovar que houvesse um remanejamento de verbas dentro do Or\u00e7amento para bancar os reajustes, que custar\u00e3o R$ 116 milh\u00f5es por ano. Esse valor ser\u00e1 cortado de outras rubricas.<\/p>\n<p>&nbsp;<\/p>\n<p>No total, o Or\u00e7amento do Minist\u00e9rio P\u00fablico proposto para 2018 atingiu R$ 3,8 bilh\u00f5es, sendo R$ 843 milh\u00f5es maior do que o previsto para 2017. No caso da Opera\u00e7\u00e3o Lava-Jato, a previs\u00e3o de gastos triplicou, saindo de R$ 522 mil para R$ 1,6 milh\u00e3o.<\/p>\n<p>&nbsp;<\/p>\n<p><strong>Decis\u00e3o pol\u00edtica<\/strong><\/p>\n<p>&nbsp;<\/p>\n<p>Durante o debate para a elabora\u00e7\u00e3o do Or\u00e7amento de 2018, o atual procurador-geral, Rodrigo Janot, se absteve de votar e deixou a sua sucessora \u00e0 vontade para propor as mudan\u00e7as que julgasse necess\u00e1rias. Segundo Janot, o aumento de verbas e de sal\u00e1rios era uma decis\u00e3o pol\u00edtica e, no pr\u00f3ximo ano, ele j\u00e1 n\u00e3o estar\u00e1 mais no comando do \u00f3rg\u00e3o.<\/p>\n<p>&nbsp;<\/p>\n<p>Foi criada, ainda, uma comiss\u00e3o de transi\u00e7\u00e3o com integrantes das duas administra\u00e7\u00f5es. A ideia \u00e9 de que Dodge apresente suas demandas e o grupo de Janot tente torn\u00e1-las fact\u00edveis. A reuni\u00e3o de hoje durou cinco horas. Os participantes ressaltaram que Janot tentou manter um bom relacionamento com Dodge.<\/p>\n<p>&nbsp;<\/p>\n<p>Para Janot, \u00e9 estrat\u00e9gico manter uma rela\u00e7\u00e3o de alto n\u00edvel com sua sucessora, pois ele tem interesse em muitos processos que est\u00e3o sendo conduzidos pelo Minist\u00e9rio P\u00fablico e que precisar\u00e3o ter o aval de Dodge para dar continuidade. Isso inclui poss\u00edveis novas den\u00fancias contra o presidente Michel Temer.<\/p>\n<p>&nbsp;<\/p>\n<p><em>Bras\u00edlia, 18h32min\u00a0<\/em><\/p>\n","protected":false},"excerpt":{"rendered":"<p>BERNARDO BITTAR Em meio a uma crise fiscal sem precedentes, com o governo anunciando um programa de demiss\u00f5es volunt\u00e1rias (PDV), o Conselho Superior do Minist\u00e9rio P\u00fablico Federal (MPF) aprovou aumento de 16,7% nos sal\u00e1rios dos procuradores da Rep\u00fablica. O reajuste, previsto para 2018, foi sugerido pela futura procuradora-geral da Rep\u00fablica, Raquel Dodge. &nbsp; O aumento [&hellip;]<\/p>\n","protected":false},"author":22,"featured_media":0,"comment_status":"open","ping_status":"closed","sticky":false,"template":"","format":"standard","meta":{"footnotes":""},"categories":[600],"tags":[489,2458,2361,549,2456,2457,124,2459,122],"class_list":["post-5418","post","type-post","status-publish","format-standard","hentry","category-economia","tag-489","tag-dodge","tag-janot","tag-orcamento","tag-procuradores","tag-raquel","tag-reajustes","tag-rodrigo","tag-salarios"],"_links":{"self":[{"href":"https:\/\/blogs.correiobraziliense.com.br\/vicente\/wp-json\/wp\/v2\/posts\/5418","targetHints":{"allow":["GET"]}}],"collection":[{"href":"https:\/\/blogs.correiobraziliense.com.br\/vicente\/wp-json\/wp\/v2\/posts"}],"about":[{"href":"https:\/\/blogs.correiobraziliense.com.br\/vicente\/wp-json\/wp\/v2\/types\/post"}],"author":[{"embeddable":true,"href":"https:\/\/blogs.correiobraziliense.com.br\/vicente\/wp-json\/wp\/v2\/users\/22"}],"replies":[{"embeddable":true,"href":"https:\/\/blogs.correiobraziliense.com.br\/vicente\/wp-json\/wp\/v2\/comments?post=5418"}],"version-history":[{"count":7,"href":"https:\/\/blogs.correiobraziliense.com.br\/vicente\/wp-json\/wp\/v2\/posts\/5418\/revisions"}],"predecessor-version":[{"id":5425,"href":"https:\/\/blogs.correiobraziliense.com.br\/vicente\/wp-json\/wp\/v2\/posts\/5418\/revisions\/5425"}],"wp:attachment":[{"href":"https:\/\/blogs.correiobraziliense.com.br\/vicente\/wp-json\/wp\/v2\/media?parent=5418"}],"wp:term":[{"taxonomy":"category","embeddable":true,"href":"https:\/\/blogs.correiobraziliense.com.br\/vicente\/wp-json\/wp\/v2\/categories?post=5418"},{"taxonomy":"post_tag","embeddable":true,"href":"https:\/\/blogs.correiobraziliense.com.br\/vicente\/wp-json\/wp\/v2\/tags?post=5418"}],"curies":[{"name":"wp","href":"https:\/\/api.w.org\/{rel}","templated":true}]}}