{"id":5412,"date":"2017-07-25T15:01:30","date_gmt":"2017-07-25T18:01:30","guid":{"rendered":"https:\/\/blogs.correiobraziliense.com.br\/vicente\/?p=5412"},"modified":"2017-07-25T16:35:25","modified_gmt":"2017-07-25T19:35:25","slug":"prioridade-de-carlos-thadeu-no-bndes-serao-micro-e-pequenas-empresas","status":"publish","type":"post","link":"https:\/\/blogs.correiobraziliense.com.br\/vicente\/prioridade-de-carlos-thadeu-no-bndes-serao-micro-e-pequenas-empresas\/","title":{"rendered":"Prioridades de Carlos Thadeu no BNDES ser\u00e3o micro e pequenas empresas"},"content":{"rendered":"<h2>O economista Carlos Thadeu de Freitas Gomes tomar\u00e1 posse na pr\u00f3xima semana como diretor financeiro do Banco Nacional de Desenvolvimento Econ\u00f4mico e Social (BNDES) com dois objetivos: ampliar os financiamentos para micro e pequenas empresas e retomar as capta\u00e7\u00f5es de recursos no exterior a fim de reduzir a depend\u00eancia da institui\u00e7\u00e3o do Tesouro Nacional.<\/h2>\n<p>&nbsp;<\/p>\n<p>Thadeu, que foi diretor duas vezes do Banco Central, diz que dinheiro n\u00e3o falta no banco para emprestar \u00e0s empresas de menor porte, mas \u00e9 preciso ter foco. Ressalta ainda que o BNDES sempre teve como principal fonte de recursos o mercado internacional de cr\u00e9dito, que foi abandonado ao longo dos governos petistas, quando o banco ficou colado ao Tesouro.<\/p>\n<p>&nbsp;<\/p>\n<p>&#8220;Os recursos externos s\u00e3o os mais baratos, al\u00e9m de serem de longo prazo. \u00c9 o capital que o BNDES precisa. H\u00e1 hoje, no mundo, muita liquidez, que precisa ser explorada novamente pela institui\u00e7\u00e3o&#8221;, destaca Thadeu. Ele afirma que o pa\u00eds vive um momento importante, no qual o banco de fomento ter\u00e1 papel preponderante para a retomada dos investimentos e do crescimento.<\/p>\n<p>&nbsp;<\/p>\n<p>O BNDES, segundo o economista, \u00e9 a institui\u00e7\u00e3o que estava faltando em seu curr\u00edculo. Al\u00e9m das duas passagens pelo BC, foi diretor financeiro da Petrobras, presidiu o Banco da Amaz\u00f4nia (Basa) e comandou a \u00e1rea financeira da extinta Nuclebr\u00e1s. &#8220;\u00c9 um desafio importante para o qual me chamou o presidente do BNDES, Paulo Rabello de Castro&#8221;, ressalta.<\/p>\n<p>&nbsp;<\/p>\n<p>Thadeu, com a ida para o BNDES, deixar\u00e1 a chefia o Departamento Econ\u00f4mico da Confedera\u00e7\u00e3o Nacional do Com\u00e9rcio (CNC). Ele \u00e9 um defensor de juros mais baixos e acredita que o Banco Central tem uma avenida para levar o pa\u00eds a conviver com uma taxa b\u00e1sica (Selic) mais pr\u00f3xima do mundo civilizado. Nesta quarta-feira, o BC deve cortar a Selic em 1 ponto percentual, dos atuais 10,25% para 9,25% ao ano.<\/p>\n<p>&nbsp;<\/p>\n<p><em>Bras\u00edlia, 15h01min<\/em><\/p>\n","protected":false},"excerpt":{"rendered":"<p>O economista Carlos Thadeu de Freitas Gomes tomar\u00e1 posse na pr\u00f3xima semana como diretor financeiro do Banco Nacional de Desenvolvimento Econ\u00f4mico e Social (BNDES) com dois objetivos: ampliar os financiamentos para micro e pequenas empresas e retomar as capta\u00e7\u00f5es de recursos no exterior a fim de reduzir a depend\u00eancia da institui\u00e7\u00e3o do Tesouro Nacional. &nbsp; [&hellip;]<\/p>\n","protected":false},"author":22,"featured_media":0,"comment_status":"open","ping_status":"closed","sticky":false,"template":"","format":"standard","meta":{"footnotes":""},"categories":[600],"tags":[89,2450,2454,2455,2452,2453,2451],"class_list":["post-5412","post","type-post","status-publish","format-standard","hentry","category-economia","tag-bndes","tag-carlos","tag-diretor","tag-financeiro","tag-freitas","tag-gomes","tag-thadeu"],"_links":{"self":[{"href":"https:\/\/blogs.correiobraziliense.com.br\/vicente\/wp-json\/wp\/v2\/posts\/5412","targetHints":{"allow":["GET"]}}],"collection":[{"href":"https:\/\/blogs.correiobraziliense.com.br\/vicente\/wp-json\/wp\/v2\/posts"}],"about":[{"href":"https:\/\/blogs.correiobraziliense.com.br\/vicente\/wp-json\/wp\/v2\/types\/post"}],"author":[{"embeddable":true,"href":"https:\/\/blogs.correiobraziliense.com.br\/vicente\/wp-json\/wp\/v2\/users\/22"}],"replies":[{"embeddable":true,"href":"https:\/\/blogs.correiobraziliense.com.br\/vicente\/wp-json\/wp\/v2\/comments?post=5412"}],"version-history":[{"count":2,"href":"https:\/\/blogs.correiobraziliense.com.br\/vicente\/wp-json\/wp\/v2\/posts\/5412\/revisions"}],"predecessor-version":[{"id":5417,"href":"https:\/\/blogs.correiobraziliense.com.br\/vicente\/wp-json\/wp\/v2\/posts\/5412\/revisions\/5417"}],"wp:attachment":[{"href":"https:\/\/blogs.correiobraziliense.com.br\/vicente\/wp-json\/wp\/v2\/media?parent=5412"}],"wp:term":[{"taxonomy":"category","embeddable":true,"href":"https:\/\/blogs.correiobraziliense.com.br\/vicente\/wp-json\/wp\/v2\/categories?post=5412"},{"taxonomy":"post_tag","embeddable":true,"href":"https:\/\/blogs.correiobraziliense.com.br\/vicente\/wp-json\/wp\/v2\/tags?post=5412"}],"curies":[{"name":"wp","href":"https:\/\/api.w.org\/{rel}","templated":true}]}}