{"id":5410,"date":"2017-07-25T13:05:09","date_gmt":"2017-07-25T16:05:09","guid":{"rendered":"https:\/\/blogs.correiobraziliense.com.br\/vicente\/?p=5410"},"modified":"2017-07-25T13:32:40","modified_gmt":"2017-07-25T16:32:40","slug":"sem-aumento-de-impostos-meta-fiscal-esta-ameacada","status":"publish","type":"post","link":"https:\/\/blogs.correiobraziliense.com.br\/vicente\/sem-aumento-de-impostos-meta-fiscal-esta-ameacada\/","title":{"rendered":"Sem aumento de impostos, meta fiscal est\u00e1 amea\u00e7ada"},"content":{"rendered":"<h2>O sinal de alerta bateu fundo entre integrantes da equipe econ\u00f4mica. A decis\u00e3o do juiz Renato Borrelli, de \u00a0Bras\u00edlia, de suspender o aumento do PIS\/Cofins sobre os combust\u00edveis colocou em risco o cumprimento da meta fiscal deste ano, de deficit de at\u00e9 R$ 139 bilh\u00f5es. Se antes da posi\u00e7\u00e3o da Justi\u00e7a a meta fiscal j\u00e1 estava amea\u00e7ada, agora, o risco \u00e9 alt\u00edssimo.<\/h2>\n<p>&nbsp;<\/p>\n<p>Sem os R$ 10,4 bilh\u00f5es referentes ao aumento de impostos, a conta n\u00e3o fechar\u00e1. E n\u00e3o h\u00e1 para onde o governo correr. O Or\u00e7amento est\u00e1 no limite. Com o corte de R$ 5,9 bilh\u00f5es anunciado com o aumento de impostos, est\u00e3o congelados, agora, R$ 45 bilh\u00f5es. H\u00e1 \u00f3rg\u00e3os p\u00fablicos que, sem dinheiro, est\u00e3o suspendendo os servi\u00e7os.<\/p>\n<p>&nbsp;<\/p>\n<p>A meta fiscal s\u00f3 n\u00e3o mudou ainda por causa do ministro da Fazenda, Henrique Meirelles, que se diz fiador do ajuste das contas p\u00fablicas. Para ele, se o deficit de at\u00e9 R$ 139 bilh\u00f5es for aumentado, toda a credibilidade da pol\u00edtica econ\u00f4mica ir\u00e1 para o buraco. A promessa de ajuste est\u00e1 na base de apoio que os investidores t\u00eam dado ao governo.<\/p>\n<p>&nbsp;<\/p>\n<p>A expectativa da equipe econ\u00f4mica \u00e9 de que a Advocacia-Geral da Uni\u00e3o (AGU) consiga derrubar o mais rapidamente poss\u00edvel a liminar concedida pela Justi\u00e7a de Bras\u00edlia. Cada dia a menos de arrecada\u00e7\u00e3o ser\u00e1 um supl\u00edcio, pois ser\u00e1 preciso compensar a diferen\u00e7a com menos gastos.<\/p>\n<p>&nbsp;<\/p>\n<p>O risco de a m\u00e1quina p\u00fablica entrar em colapso \u00e9 enorme. O presidente do Instituto Nacional do Seguro Social (INSS), Leonardo Gadelha, j\u00e1 disse ao <strong>Correio<\/strong> que, se n\u00e3o receber verbas extras, quase a metade dos postos de atendimento ter\u00e1 que ser fechada. Os servi\u00e7os do INSS, por sinal, pioraram muito.<\/p>\n<p>&nbsp;<\/p>\n<p>O governo est\u00e1 correndo contra o tempo para recuperar o direito de elevar o PIS\/Cofins sobre combust\u00edveis. Mas est\u00e1 ciente de que a liminar concedida nesta ter\u00e7a-feira, 25, \u00e9 a primeira de uma batalha judicial que est\u00e1 colocada.<\/p>\n<p>&nbsp;<\/p>\n<p>H\u00e1 muitas d\u00favidas entre os especialistas se o instrumento que o governo usou para elevar os tributos, um decreto, foi o melhor. Muitos falam que o tema teria que ter passado pelo Congresso, respeitando os 90 dias para o aumento de impostos entrar em vigor depois de ser aprovado.<\/p>\n","protected":false},"excerpt":{"rendered":"<p>O sinal de alerta bateu fundo entre integrantes da equipe econ\u00f4mica. A decis\u00e3o do juiz Renato Borrelli, de \u00a0Bras\u00edlia, de suspender o aumento do PIS\/Cofins sobre os combust\u00edveis colocou em risco o cumprimento da meta fiscal deste ano, de deficit de at\u00e9 R$ 139 bilh\u00f5es. Se antes da posi\u00e7\u00e3o da Justi\u00e7a a meta fiscal j\u00e1 [&hellip;]<\/p>\n","protected":false},"author":22,"featured_media":0,"comment_status":"open","ping_status":"closed","sticky":false,"template":"","format":"standard","meta":{"footnotes":""},"categories":[600],"tags":[926,268,282,264,1084],"class_list":["post-5410","post","type-post","status-publish","format-standard","hentry","category-economia","tag-brasilia","tag-gasolina","tag-justica","tag-reajuste","tag-suspensao"],"_links":{"self":[{"href":"https:\/\/blogs.correiobraziliense.com.br\/vicente\/wp-json\/wp\/v2\/posts\/5410","targetHints":{"allow":["GET"]}}],"collection":[{"href":"https:\/\/blogs.correiobraziliense.com.br\/vicente\/wp-json\/wp\/v2\/posts"}],"about":[{"href":"https:\/\/blogs.correiobraziliense.com.br\/vicente\/wp-json\/wp\/v2\/types\/post"}],"author":[{"embeddable":true,"href":"https:\/\/blogs.correiobraziliense.com.br\/vicente\/wp-json\/wp\/v2\/users\/22"}],"replies":[{"embeddable":true,"href":"https:\/\/blogs.correiobraziliense.com.br\/vicente\/wp-json\/wp\/v2\/comments?post=5410"}],"version-history":[{"count":1,"href":"https:\/\/blogs.correiobraziliense.com.br\/vicente\/wp-json\/wp\/v2\/posts\/5410\/revisions"}],"predecessor-version":[{"id":5411,"href":"https:\/\/blogs.correiobraziliense.com.br\/vicente\/wp-json\/wp\/v2\/posts\/5410\/revisions\/5411"}],"wp:attachment":[{"href":"https:\/\/blogs.correiobraziliense.com.br\/vicente\/wp-json\/wp\/v2\/media?parent=5410"}],"wp:term":[{"taxonomy":"category","embeddable":true,"href":"https:\/\/blogs.correiobraziliense.com.br\/vicente\/wp-json\/wp\/v2\/categories?post=5410"},{"taxonomy":"post_tag","embeddable":true,"href":"https:\/\/blogs.correiobraziliense.com.br\/vicente\/wp-json\/wp\/v2\/tags?post=5410"}],"curies":[{"name":"wp","href":"https:\/\/api.w.org\/{rel}","templated":true}]}}