{"id":5406,"date":"2017-07-25T06:10:58","date_gmt":"2017-07-25T09:10:58","guid":{"rendered":"https:\/\/blogs.correiobraziliense.com.br\/vicente\/?p=5406"},"modified":"2017-07-25T10:44:20","modified_gmt":"2017-07-25T13:44:20","slug":"coluna-no-correio-depois-da-porta-arrombada","status":"publish","type":"post","link":"https:\/\/blogs.correiobraziliense.com.br\/vicente\/coluna-no-correio-depois-da-porta-arrombada\/","title":{"rendered":"Coluna no Correio: Depois da porta arrombada"},"content":{"rendered":"<h2>No af\u00e3 de responder \u00e0s cr\u00edticas contra o aumento de impostos para bancar uma m\u00e1quina p\u00fablica inchada e ineficiente, o governo anunciou que far\u00e1 um programa de demiss\u00e3o volunt\u00e1ria para os servidores p\u00fablicos. Em outro momento, certamente os investidores estariam pulando de alegria, pois a medida seria vista como um comprometimento com a boa gest\u00e3o dos impostos pagos pela popula\u00e7\u00e3o. Mas, em meio a um momento de grave crise econ\u00f4mica, com mais de 13 milh\u00f5es de desempregados, \u00e9 dif\u00edcil acreditar em uma grande ades\u00e3o \u00e0 proposta.<\/h2>\n<p>&nbsp;<\/p>\n<p>N\u00e3o \u00e9 s\u00f3. O governo est\u00e1 adotando o PDV depois da porta arrombada, isto \u00e9, ap\u00f3s conceder aumentos de at\u00e9 30% ao funcionalismo divididos ao longo de quatro anos, entre 2016 e 2019. A fatura total desses reajustes chegar\u00e1 a R$ 100 bilh\u00f5es, uma monstruosidade perto do R$ 1 bilh\u00e3o que a Uni\u00e3o pretende economizar em 2018, caso 5 mil servidores optem por aderir ao PDV. Somente neste ano, a folha de sal\u00e1rios com o funcionalismo chegar\u00e1 a R$ 284,4 bilh\u00f5es. \u00c9 a segunda rubrica do Or\u00e7amento, ficando atr\u00e1s apenas da Previd\u00eancia Social.<\/p>\n<p>&nbsp;<\/p>\n<p>Apesar de consumir uma fortuna, o funcionalismo federal presta um p\u00e9ssimo servi\u00e7o \u00e0 sociedade. Quase nada funciona. Pior: n\u00e3o h\u00e1 avalia\u00e7\u00e3o dos servidores, n\u00e3o se consegue medir a produtividade deles. Mesmo n\u00e3o atendendo aos anseios da sociedade, que despeja, todos os anos, o equivalente a 35% do Produto Interno Bruto (PIB) em forma de impostos no caixa do Tesouro Nacional, os empregados do setor p\u00fablico, ganham, em m\u00e9dia, o triplo dos trabalhadores da iniciativa privada. A inefici\u00eancia est\u00e1 protegida pela estabilidade do emprego.<\/p>\n<p>&nbsp;<\/p>\n<p>O corporativismo \u00e9 t\u00e3o forte, que o governo de plant\u00e3o acaba ficando acuado. E coisas absurdas s\u00e3o aprovadas, como o b\u00f4nus de efici\u00eancia que ser\u00e1 pago aos fiscais da Receita Federal. Quando fazem concurso, eles sabem que v\u00e3o receber um sal\u00e1rio fixo para cobrar os devedores do Fisco. Mas, n\u00e3o satisfeitos, agora, passar\u00e3o a ter direito a um adicional sobre o que for recuperado em impostos atrasados. Esse benef\u00edcio, contudo, n\u00e3o est\u00e1 restrito aos servidores da ativa. Tamb\u00e9m ser\u00e1 pago aos fiscais aposentados. S\u00f3 essa brincadeira custar\u00e1 mais de R$ 6 bilh\u00f5es aos cofres p\u00fablicos at\u00e9 2019.<\/p>\n<p>&nbsp;<\/p>\n<p><strong>Contraponto<\/strong><\/p>\n<p>&nbsp;<\/p>\n<p>O governo reconhece que o PDV pode n\u00e3o ser nada perto do tamanho da folha de sal\u00e1rios dos servidores que, em 2018, passar\u00e1 dos R$ 300 bilh\u00f5es. Mas um dos principais assessores do presidente Michel Temer acredita que a medida indica a disposi\u00e7\u00e3o do governo de botar um freio nas despesas com o funcionalismo. \u00c9 dif\u00edcil acreditar. Quando chegou ao Planalto, em maio do ano passado, o peemedebista disse que cortaria cargos de comiss\u00e3o. E fez at\u00e9 um movimento nessa dire\u00e7\u00e3o. Mas, diante da press\u00e3o dos partidos aliados, as nomea\u00e7\u00f5es voltaram com tudo e os chamados DAS j\u00e1 passam de 20 mil.<\/p>\n<p>&nbsp;<\/p>\n<p>E mais: a despeito do arrocho no Or\u00e7amento, o Planejamento continua liberando a realiza\u00e7\u00e3o de concursos p\u00fablicos. Somente na semana passada, autorizou 300 vagas para a Ag\u00eancia Brasileira de Intelig\u00eancia (Abin), 600 postos para o Minist\u00e9rio da Agricultura e uma centena de cargos para a Advocacia-Geral da Uni\u00e3o (AGU). \u201cEstamos falando de \u00e1reas estrat\u00e9gicas, que est\u00e3o muito esvaziadas e precisam de refor\u00e7os\u201d, diz um integrante do Planalto. \u201cEsse tipo de movimento, inclusive, far\u00e1 com que o governo seja muito criterioso na condu\u00e7\u00e3o do PDV, para que as ades\u00f5es ocorram em \u00e1reas nas quais sobram servidores e n\u00e3o nas que h\u00e1 escassez de pessoal\u201d, acrescenta.<\/p>\n<p>&nbsp;<\/p>\n<p>Dentro do Planalto, a ordem \u00e9 vender o discurso de efici\u00eancia para se contrap\u00f4r \u00e0 percep\u00e7\u00e3o de um governo perdul\u00e1rio, que n\u00e3o mede esfor\u00e7os para se manter no poder. As avalia\u00e7\u00f5es informais feitas junto ao p\u00fablico apontam que a imagem de Temer se deteriorou muito depois do an\u00fancio do aumento de impostos sobre combust\u00edveis. Ficou a sensa\u00e7\u00e3o de que a popula\u00e7\u00e3o est\u00e1 pagando a conta das emendas liberadas para parlamentares que derrubaram, na Comiss\u00e3o de Constitui\u00e7\u00e3o e Justi\u00e7a (CCJ), a den\u00fancia de corrup\u00e7\u00e3o passiva contra o presidente feita pela Procuradoria-Geral da Rep\u00fablica. \u201cN\u00e3o h\u00e1 d\u00favidas de que o an\u00fancio do PDV para servidores federais \u00e9 uma resposta a essa vis\u00e3o distorcida\u201d, afirma um ministro.<\/p>\n<p>&nbsp;<\/p>\n<p><strong>Ajuda do BC<\/strong><\/p>\n<p>&nbsp;<\/p>\n<p>Al\u00e9m de acreditar que pode colher frutos com a redu\u00e7\u00e3o do quadro de pessoal, o governo conta com a ajuda do Banco Central para criar mais um fato positivo. O Comit\u00ea de Pol\u00edtica Monet\u00e1ria (Copom) cortar\u00e1, nesta quarta-feira, a taxa b\u00e1sica de juros (Selic) em um ponto percentual, dos atuais 10,25% para 9,25%. Ser\u00e1 a primeira vez, desde o fim de 2013, que o pa\u00eds ter\u00e1 juros de um d\u00edgito. O discurso de Temer j\u00e1 est\u00e1 pronto: \u201cA queda da Selic s\u00f3 foi poss\u00edvel gra\u00e7as \u00e0 pol\u00edtica econ\u00f4mica respons\u00e1vel que derrubou a infla\u00e7\u00e3o para abaixo de 4%\u201d.<\/p>\n<p>&nbsp;<\/p>\n<p>A demostra\u00e7\u00e3o de gratid\u00e3o ao BC, no entanto, n\u00e3o esconde uma certa frustra\u00e7\u00e3o de Temer com a condu\u00e7\u00e3o da pol\u00edtica monet\u00e1ria. Na vis\u00e3o dele, com a infla\u00e7\u00e3o t\u00e3o baixa \u2014 o \u00cdndice de Pre\u00e7os ao Consumidor Amplo (IPCA) dever\u00e1 cravar alta de 2,5% em 12 meses at\u00e9 julho \u2014, o Banco Central poderia avan\u00e7ar o sinal e reduzir os juros em 1,25 ponto desta vez e em mais um ponto na pr\u00f3xima reuni\u00e3o do Copom. \u201cEnfim, n\u00e3o d\u00e1 para ter tudo. O importante \u00e9 que poderemos rufar os tambores na quarta-feira. Os que nos criticam ter\u00e3o que baixar o tom, pois ficar\u00e3o sem argumentos. Esse \u00e9 o jogo\u201d, encerra o mesmo ministro.<\/p>\n","protected":false},"excerpt":{"rendered":"<p>No af\u00e3 de responder \u00e0s cr\u00edticas contra o aumento de impostos para bancar uma m\u00e1quina p\u00fablica inchada e ineficiente, o governo anunciou que far\u00e1 um programa de demiss\u00e3o volunt\u00e1ria para os servidores p\u00fablicos. Em outro momento, certamente os investidores estariam pulando de alegria, pois a medida seria vista como um comprometimento com a boa gest\u00e3o [&hellip;]<\/p>\n","protected":false},"author":22,"featured_media":0,"comment_status":"open","ping_status":"closed","sticky":false,"template":"","format":"standard","meta":{"footnotes":""},"categories":[600],"tags":[133,22,1396,85,123,2449],"class_list":["post-5406","post","type-post","status-publish","format-standard","hentry","category-economia","tag-aumento","tag-demissao","tag-pdv","tag-salario","tag-servidores","tag-voluntaria"],"_links":{"self":[{"href":"https:\/\/blogs.correiobraziliense.com.br\/vicente\/wp-json\/wp\/v2\/posts\/5406","targetHints":{"allow":["GET"]}}],"collection":[{"href":"https:\/\/blogs.correiobraziliense.com.br\/vicente\/wp-json\/wp\/v2\/posts"}],"about":[{"href":"https:\/\/blogs.correiobraziliense.com.br\/vicente\/wp-json\/wp\/v2\/types\/post"}],"author":[{"embeddable":true,"href":"https:\/\/blogs.correiobraziliense.com.br\/vicente\/wp-json\/wp\/v2\/users\/22"}],"replies":[{"embeddable":true,"href":"https:\/\/blogs.correiobraziliense.com.br\/vicente\/wp-json\/wp\/v2\/comments?post=5406"}],"version-history":[{"count":3,"href":"https:\/\/blogs.correiobraziliense.com.br\/vicente\/wp-json\/wp\/v2\/posts\/5406\/revisions"}],"predecessor-version":[{"id":5409,"href":"https:\/\/blogs.correiobraziliense.com.br\/vicente\/wp-json\/wp\/v2\/posts\/5406\/revisions\/5409"}],"wp:attachment":[{"href":"https:\/\/blogs.correiobraziliense.com.br\/vicente\/wp-json\/wp\/v2\/media?parent=5406"}],"wp:term":[{"taxonomy":"category","embeddable":true,"href":"https:\/\/blogs.correiobraziliense.com.br\/vicente\/wp-json\/wp\/v2\/categories?post=5406"},{"taxonomy":"post_tag","embeddable":true,"href":"https:\/\/blogs.correiobraziliense.com.br\/vicente\/wp-json\/wp\/v2\/tags?post=5406"}],"curies":[{"name":"wp","href":"https:\/\/api.w.org\/{rel}","templated":true}]}}