{"id":5385,"date":"2017-07-21T11:01:54","date_gmt":"2017-07-21T14:01:54","guid":{"rendered":"https:\/\/blogs.correiobraziliense.com.br\/vicente\/?p=5385"},"modified":"2017-07-21T13:36:24","modified_gmt":"2017-07-21T16:36:24","slug":"postos-repassam-impostos-e-gasolina-ja-e-vendida-r-391","status":"publish","type":"post","link":"https:\/\/blogs.correiobraziliense.com.br\/vicente\/postos-repassam-impostos-e-gasolina-ja-e-vendida-r-391\/","title":{"rendered":"Postos repassam impostos e gasolina j\u00e1 \u00e9 vendida a R$ 3,92"},"content":{"rendered":"<h2>ANTONIO TEM\u00d3TEO<\/h2>\n<h2><\/h2>\n<h2>Os postos de combust\u00edveis n\u00e3o esperaram nem o novo carregamento chegar. De olho no aumento das margens de lucro, t\u00e3o logo o dia amanheceu, j\u00e1 repassaram para as bombas o aumento de impostos anunciado pelo governo. O litro da gasolina, que chegou a R$ 2,94, j\u00e1 est\u00e1 sendo vendido por R$ 3,91 e R$ 3,92.<\/h2>\n<p>&nbsp;<\/p>\n<p><a href=\"https:\/\/blogs.correiobraziliense.com.br\/vicente\/wp-content\/uploads\/sites\/16\/2017\/07\/TemoteoGasolina.jpg\" rel=\"attachment wp-att-5386\"><img loading=\"lazy\" decoding=\"async\" class=\"alignnone size-full wp-image-5386\" src=\"https:\/\/blogs.correiobraziliense.com.br\/vicente\/wp-content\/uploads\/sites\/16\/2017\/07\/TemoteoGasolina.jpg\" alt=\"TemoteoGasolina\" width=\"960\" height=\"1280\" srcset=\"https:\/\/blogs.correiobraziliense.com.br\/vicente\/wp-content\/uploads\/sites\/16\/2017\/07\/TemoteoGasolina.jpg 960w, https:\/\/blogs.correiobraziliense.com.br\/vicente\/wp-content\/uploads\/sites\/16\/2017\/07\/TemoteoGasolina-225x300.jpg 225w, https:\/\/blogs.correiobraziliense.com.br\/vicente\/wp-content\/uploads\/sites\/16\/2017\/07\/TemoteoGasolina-768x1024.jpg 768w, https:\/\/blogs.correiobraziliense.com.br\/vicente\/wp-content\/uploads\/sites\/16\/2017\/07\/TemoteoGasolina-263x350.jpg 263w, https:\/\/blogs.correiobraziliense.com.br\/vicente\/wp-content\/uploads\/sites\/16\/2017\/07\/TemoteoGasolina-550x733.jpg 550w, https:\/\/blogs.correiobraziliense.com.br\/vicente\/wp-content\/uploads\/sites\/16\/2017\/07\/TemoteoGasolina-230x307.jpg 230w\" sizes=\"auto, (max-width: 960px) 100vw, 960px\" \/><\/a><\/p>\n<p>&nbsp;<\/p>\n<p>Os consumidores est\u00e3o assustados. Correram logo cedo para os postos, mas muitos j\u00e1 depararam com pre\u00e7os maiores do que os praticados at\u00e9 ontem. Pelo que anunciou o governo, com a alta do PIS e da Cofins, o litro da gasolina deveria ficar R$ 0,41 mais caro. Mas os postos est\u00e3o pesando a m\u00e3o, com aumento de at\u00e9 R$ 0,98.<\/p>\n<p>&nbsp;<\/p>\n<p>Tamb\u00e9m est\u00e3o mais caros o etanol e o diesel, sobre os quais passou a incidir tributos que antes n\u00e3o existiam. A tend\u00eancia, dizem especialistas, \u00e9 de que os reajustes dos combust\u00edveis sejam repassados para toda a economia, uma vez que o custo do transporte ser\u00e1 maior. Os fretes v\u00e3o subir, assim como as mercadorias que transitam pelas estradas.<\/p>\n<p>&nbsp;<\/p>\n<p>O governo diz que n\u00e3o havia outra sa\u00edda, a n\u00e3o ser aumentar impostos, para manter o compromisso com o ajuste fiscal. Sem os R$ 10,4 bilh\u00f5es que ser\u00e3o arrecadados at\u00e9 o fim do ano e os R$ 5,9 bilh\u00f5es de cortes adicionais no Or\u00e7amento, n\u00e3o seria poss\u00edvel cumprir a meta fiscal, de deficit de at\u00e9 R$ 139 bilh\u00f5es neste ano.<\/p>\n<p>&nbsp;<\/p>\n<p>Para os consumidores, o governo passou dos limites ao aumentar impostos. &#8220;N\u00e3o d\u00e1 mais. Ningu\u00e9m aguenta mais. Tudo est\u00e1 caro e o sal\u00e1rio n\u00e3o sobe&#8221;, diz a comerciante Andressa Marques, 33 anos. A m\u00e3e dela, Sandra Marques, 56, assinala que, no in\u00edcio da semana, conseguiu abastecer por R$, 2,99 o litro na Asa Norte de Bras\u00edlia. &#8220;Os donos de postos n\u00e3o perdoam&#8221;, desabafa. &#8220;Os maiores prejudicados somos n\u00f3s, os consumidores&#8221;, assinala.<\/p>\n<p>&nbsp;<\/p>\n<p>O presidente Michel Temer disse, na Argentina, que os brasileiros entender\u00e3o a necessidade do governo de aumentar os impostos sobre combust\u00edveis.<\/p>\n","protected":false},"excerpt":{"rendered":"<p>ANTONIO TEM\u00d3TEO Os postos de combust\u00edveis n\u00e3o esperaram nem o novo carregamento chegar. De olho no aumento das margens de lucro, t\u00e3o logo o dia amanheceu, j\u00e1 repassaram para as bombas o aumento de impostos anunciado pelo governo. O litro da gasolina, que chegou a R$ 2,94, j\u00e1 est\u00e1 sendo vendido por R$ 3,91 e [&hellip;]<\/p>\n","protected":false},"author":22,"featured_media":0,"comment_status":"open","ping_status":"closed","sticky":false,"template":"","format":"standard","meta":{"footnotes":""},"categories":[600],"tags":[],"class_list":["post-5385","post","type-post","status-publish","format-standard","hentry","category-economia"],"_links":{"self":[{"href":"https:\/\/blogs.correiobraziliense.com.br\/vicente\/wp-json\/wp\/v2\/posts\/5385","targetHints":{"allow":["GET"]}}],"collection":[{"href":"https:\/\/blogs.correiobraziliense.com.br\/vicente\/wp-json\/wp\/v2\/posts"}],"about":[{"href":"https:\/\/blogs.correiobraziliense.com.br\/vicente\/wp-json\/wp\/v2\/types\/post"}],"author":[{"embeddable":true,"href":"https:\/\/blogs.correiobraziliense.com.br\/vicente\/wp-json\/wp\/v2\/users\/22"}],"replies":[{"embeddable":true,"href":"https:\/\/blogs.correiobraziliense.com.br\/vicente\/wp-json\/wp\/v2\/comments?post=5385"}],"version-history":[{"count":8,"href":"https:\/\/blogs.correiobraziliense.com.br\/vicente\/wp-json\/wp\/v2\/posts\/5385\/revisions"}],"predecessor-version":[{"id":5460,"href":"https:\/\/blogs.correiobraziliense.com.br\/vicente\/wp-json\/wp\/v2\/posts\/5385\/revisions\/5460"}],"wp:attachment":[{"href":"https:\/\/blogs.correiobraziliense.com.br\/vicente\/wp-json\/wp\/v2\/media?parent=5385"}],"wp:term":[{"taxonomy":"category","embeddable":true,"href":"https:\/\/blogs.correiobraziliense.com.br\/vicente\/wp-json\/wp\/v2\/categories?post=5385"},{"taxonomy":"post_tag","embeddable":true,"href":"https:\/\/blogs.correiobraziliense.com.br\/vicente\/wp-json\/wp\/v2\/tags?post=5385"}],"curies":[{"name":"wp","href":"https:\/\/api.w.org\/{rel}","templated":true}]}}