{"id":5382,"date":"2017-07-21T10:48:09","date_gmt":"2017-07-21T13:48:09","guid":{"rendered":"https:\/\/blogs.correiobraziliense.com.br\/vicente\/?p=5382"},"modified":"2017-07-21T10:49:07","modified_gmt":"2017-07-21T13:49:07","slug":"brasileiros-gastam-us-15-bilhao-em-viagens-internacionais-em-junho","status":"publish","type":"post","link":"https:\/\/blogs.correiobraziliense.com.br\/vicente\/brasileiros-gastam-us-15-bilhao-em-viagens-internacionais-em-junho\/","title":{"rendered":"Brasileiros gastam em junho US$ 1,5 bilh\u00e3o em viagens internacionais"},"content":{"rendered":"<p>POR ANTONIO TEM\u00d3TEO<\/p>\n<p>&nbsp;<\/p>\n<p>A crise passou longe para muitos brasileiros. Os gastos com viagem internacional totalizaram US$ 1,5 bilh\u00e3o em junho, conforme dados do Banco Central (BC). O resultado \u00e9 10,05% superior ou registrado no mesmo per\u00edodo do ano passado, quando essas despesas chegaram a US$ 1,37 bilh\u00e3o.<\/p>\n<p>&nbsp;<\/p>\n<p>No primeiro semestre, o resultado \u00e9 maior. Os turistas desembolsaram em outros pa\u00eds US$ R$ 8,8 bilh\u00f5es, montante 34,8% superior ao que foi gasto entre janeiro e junho do ano passado. No mesmo per\u00edodo de 2016, esses despesas chegaram a US$ 6,5 bilh\u00f5es.<\/p>\n<p>&nbsp;<\/p>\n<p>Por outro lado, os estrangeiros t\u00eam gastado cada vez menos em viagens ao Brasil. Em junho, os turistas de outros pa\u00edses desembolsaram apenas US$ 377 milh\u00f5es. Esse valor \u00e9 6,2% inferior as despesas dos viajantes no mesmo m\u00eas do ano anterior, que totalizaram US$ 402 milh\u00f5es.<\/p>\n<p>&nbsp;<\/p>\n<p>&nbsp;<\/p>\n","protected":false},"excerpt":{"rendered":"<p>POR ANTONIO TEM\u00d3TEO &nbsp; A crise passou longe para muitos brasileiros. Os gastos com viagem internacional totalizaram US$ 1,5 bilh\u00e3o em junho, conforme dados do Banco Central (BC). O resultado \u00e9 10,05% superior ou registrado no mesmo per\u00edodo do ano passado, quando essas despesas chegaram a US$ 1,37 bilh\u00e3o. &nbsp; No primeiro semestre, o resultado [&hellip;]<\/p>\n","protected":false},"author":22,"featured_media":0,"comment_status":"open","ping_status":"closed","sticky":false,"template":"","format":"standard","meta":{"footnotes":""},"categories":[600],"tags":[2434,1220],"class_list":["post-5382","post","type-post","status-publish","format-standard","hentry","category-economia","tag-despesas-de-brasileiros","tag-viagens-ao-exterior"],"_links":{"self":[{"href":"https:\/\/blogs.correiobraziliense.com.br\/vicente\/wp-json\/wp\/v2\/posts\/5382","targetHints":{"allow":["GET"]}}],"collection":[{"href":"https:\/\/blogs.correiobraziliense.com.br\/vicente\/wp-json\/wp\/v2\/posts"}],"about":[{"href":"https:\/\/blogs.correiobraziliense.com.br\/vicente\/wp-json\/wp\/v2\/types\/post"}],"author":[{"embeddable":true,"href":"https:\/\/blogs.correiobraziliense.com.br\/vicente\/wp-json\/wp\/v2\/users\/22"}],"replies":[{"embeddable":true,"href":"https:\/\/blogs.correiobraziliense.com.br\/vicente\/wp-json\/wp\/v2\/comments?post=5382"}],"version-history":[{"count":2,"href":"https:\/\/blogs.correiobraziliense.com.br\/vicente\/wp-json\/wp\/v2\/posts\/5382\/revisions"}],"predecessor-version":[{"id":5384,"href":"https:\/\/blogs.correiobraziliense.com.br\/vicente\/wp-json\/wp\/v2\/posts\/5382\/revisions\/5384"}],"wp:attachment":[{"href":"https:\/\/blogs.correiobraziliense.com.br\/vicente\/wp-json\/wp\/v2\/media?parent=5382"}],"wp:term":[{"taxonomy":"category","embeddable":true,"href":"https:\/\/blogs.correiobraziliense.com.br\/vicente\/wp-json\/wp\/v2\/categories?post=5382"},{"taxonomy":"post_tag","embeddable":true,"href":"https:\/\/blogs.correiobraziliense.com.br\/vicente\/wp-json\/wp\/v2\/tags?post=5382"}],"curies":[{"name":"wp","href":"https:\/\/api.w.org\/{rel}","templated":true}]}}