{"id":5365,"date":"2017-07-20T11:20:36","date_gmt":"2017-07-20T14:20:36","guid":{"rendered":"https:\/\/blogs.correiobraziliense.com.br\/vicente\/?p=5365"},"modified":"2017-07-20T12:36:52","modified_gmt":"2017-07-20T15:36:52","slug":"o-descaso-com-pacientes-que-precisam-de-medicamentos-de-alto-custo","status":"publish","type":"post","link":"https:\/\/blogs.correiobraziliense.com.br\/vicente\/o-descaso-com-pacientes-que-precisam-de-medicamentos-de-alto-custo\/","title":{"rendered":"O descaso com pacientes que precisam de medicamentos de alto custo"},"content":{"rendered":"<h2>MARLLA SABINO<\/h2>\n<h2><\/h2>\n<h2>Quem depende de medicamentos de alto custo e de uso espec\u00edfico no Distrito Federal tem que enfrentar, em m\u00e9dia, 4 horas de fila pra conseguir os rem\u00e9dios. Isso na melhor das hip\u00f3teses, pois tem muita gente voltando para casa, pois h\u00e1 falta de v\u00e1rios medicamentos. H\u00e1 casos de pessoas que est\u00e3o h\u00e1 mais de um m\u00eas sem acesso aos rem\u00e9dios.<\/h2>\n<p>&nbsp;<\/p>\n<p>As filas na farm\u00e1cia de alto custo do Governo do Distrito Federal (GDF) que funciona na esta\u00e7\u00e3o do Metr\u00f4 da 102 Sul come\u00e7am a se formar antes das 6h da manh\u00e3. H\u00e1 pessoas que chegam antes das 4h e voltam para a casa frustradas, sem a garantia de quando ter\u00e3o acesso aos medicamentos que tanto precisam.<\/p>\n<p>&nbsp;<\/p>\n<p><a href=\"https:\/\/blogs.correiobraziliense.com.br\/vicente\/wp-content\/uploads\/sites\/16\/2017\/07\/Maisa1.jpg\" rel=\"attachment wp-att-5366\"><img loading=\"lazy\" decoding=\"async\" class=\"alignnone size-full wp-image-5366\" src=\"https:\/\/blogs.correiobraziliense.com.br\/vicente\/wp-content\/uploads\/sites\/16\/2017\/07\/Maisa1.jpg\" alt=\"Maisa1\" width=\"1032\" height=\"581\" srcset=\"https:\/\/blogs.correiobraziliense.com.br\/vicente\/wp-content\/uploads\/sites\/16\/2017\/07\/Maisa1.jpg 1032w, https:\/\/blogs.correiobraziliense.com.br\/vicente\/wp-content\/uploads\/sites\/16\/2017\/07\/Maisa1-300x169.jpg 300w, https:\/\/blogs.correiobraziliense.com.br\/vicente\/wp-content\/uploads\/sites\/16\/2017\/07\/Maisa1-768x432.jpg 768w, https:\/\/blogs.correiobraziliense.com.br\/vicente\/wp-content\/uploads\/sites\/16\/2017\/07\/Maisa1-1024x576.jpg 1024w, https:\/\/blogs.correiobraziliense.com.br\/vicente\/wp-content\/uploads\/sites\/16\/2017\/07\/Maisa1-350x197.jpg 350w, https:\/\/blogs.correiobraziliense.com.br\/vicente\/wp-content\/uploads\/sites\/16\/2017\/07\/Maisa1-550x310.jpg 550w, https:\/\/blogs.correiobraziliense.com.br\/vicente\/wp-content\/uploads\/sites\/16\/2017\/07\/Maisa1-230x129.jpg 230w\" sizes=\"auto, (max-width: 1032px) 100vw, 1032px\" \/><\/a><\/p>\n<p>Fotos: Maisa Moura\/ Especial\/ CB Press<\/p>\n<p>&nbsp;<\/p>\n<p>O atendimento come\u00e7a \u00e0s 8h, mas quem chegou ontem \u00e0s 5h30 s\u00f3 conseguiu ser atendido pr\u00f3ximo das 10h. O pior \u00e9 o mau humor e a falta de informa\u00e7\u00e3o por parte dos servidores encarregados do atendimento. Acham que est\u00e3o fazendo um grande favor \u00e0 popula\u00e7\u00e3o.<\/p>\n<p>&nbsp;<\/p>\n<p>A piora no atendimento \u00e9 resultado da falta de funcion\u00e1rios e o do fechamento da farm\u00e1cia que \u00a0funcionava em Taguatinga, obrigando os usu\u00e1rios a se deslocarem para o Plano Piloto. E n\u00e3o h\u00e1 perspectivas de melhora nesse quadro t\u00e3o cedo.<\/p>\n<p>&nbsp;<\/p>\n<p><a href=\"https:\/\/blogs.correiobraziliense.com.br\/vicente\/wp-content\/uploads\/sites\/16\/2017\/07\/Maisa2.jpg\" rel=\"attachment wp-att-5367\"><img loading=\"lazy\" decoding=\"async\" class=\"alignnone size-full wp-image-5367\" src=\"https:\/\/blogs.correiobraziliense.com.br\/vicente\/wp-content\/uploads\/sites\/16\/2017\/07\/Maisa2.jpg\" alt=\"Maisa2\" width=\"1032\" height=\"581\" srcset=\"https:\/\/blogs.correiobraziliense.com.br\/vicente\/wp-content\/uploads\/sites\/16\/2017\/07\/Maisa2.jpg 1032w, https:\/\/blogs.correiobraziliense.com.br\/vicente\/wp-content\/uploads\/sites\/16\/2017\/07\/Maisa2-300x169.jpg 300w, https:\/\/blogs.correiobraziliense.com.br\/vicente\/wp-content\/uploads\/sites\/16\/2017\/07\/Maisa2-768x432.jpg 768w, https:\/\/blogs.correiobraziliense.com.br\/vicente\/wp-content\/uploads\/sites\/16\/2017\/07\/Maisa2-1024x576.jpg 1024w, https:\/\/blogs.correiobraziliense.com.br\/vicente\/wp-content\/uploads\/sites\/16\/2017\/07\/Maisa2-350x197.jpg 350w, https:\/\/blogs.correiobraziliense.com.br\/vicente\/wp-content\/uploads\/sites\/16\/2017\/07\/Maisa2-550x310.jpg 550w, https:\/\/blogs.correiobraziliense.com.br\/vicente\/wp-content\/uploads\/sites\/16\/2017\/07\/Maisa2-230x129.jpg 230w\" sizes=\"auto, (max-width: 1032px) 100vw, 1032px\" \/><\/a><br \/>\nPor falta de funcion\u00e1rios, o atendimento na farm\u00e1cia da 102 Sul ficou concentrado em uma \u00fanica fila, seja para renova\u00e7\u00e3o da autoriza\u00e7\u00e3o para recebimento do medicamento, seja para a retirada da medica\u00e7\u00e3o. Isso fez com que as pessoas que j\u00e1 renovaram a autoriza\u00e7\u00e3o, que \u00e9 trimestral, fiquem horas na fila.<\/p>\n<p>&nbsp;<\/p>\n<p>Antes, a retirada de medicamento, em dias normais, levava 20 minutos. Mas os servi\u00e7os foram piorando numa velocidade muito grande diante do descaso do GDF com os pacientes que precisam desses rem\u00e9dios de alto custo.\u00a0N\u00e3o se pode esquecer que esses medicamento s\u00e3o comprados com impostos pesad\u00edssimos pagos pela popula\u00e7\u00e3o. No m\u00ednimo, o retorno desses tributos deveria ocorrer por meio de servi\u00e7os de qualidade.<\/p>\n<p>&nbsp;<\/p>\n<p><em>Bras\u00edlia, 11h20min<\/em><\/p>\n","protected":false},"excerpt":{"rendered":"<p>MARLLA SABINO Quem depende de medicamentos de alto custo e de uso espec\u00edfico no Distrito Federal tem que enfrentar, em m\u00e9dia, 4 horas de fila pra conseguir os rem\u00e9dios. Isso na melhor das hip\u00f3teses, pois tem muita gente voltando para casa, pois h\u00e1 falta de v\u00e1rios medicamentos. H\u00e1 casos de pessoas que est\u00e3o h\u00e1 mais [&hellip;]<\/p>\n","protected":false},"author":22,"featured_media":0,"comment_status":"open","ping_status":"closed","sticky":false,"template":"","format":"standard","meta":{"footnotes":""},"categories":[600],"tags":[2428,926,2429,2430,1914],"class_list":["post-5365","post","type-post","status-publish","format-standard","hentry","category-economia","tag-alto","tag-brasilia","tag-custo","tag-gdf","tag-medicamentos"],"_links":{"self":[{"href":"https:\/\/blogs.correiobraziliense.com.br\/vicente\/wp-json\/wp\/v2\/posts\/5365","targetHints":{"allow":["GET"]}}],"collection":[{"href":"https:\/\/blogs.correiobraziliense.com.br\/vicente\/wp-json\/wp\/v2\/posts"}],"about":[{"href":"https:\/\/blogs.correiobraziliense.com.br\/vicente\/wp-json\/wp\/v2\/types\/post"}],"author":[{"embeddable":true,"href":"https:\/\/blogs.correiobraziliense.com.br\/vicente\/wp-json\/wp\/v2\/users\/22"}],"replies":[{"embeddable":true,"href":"https:\/\/blogs.correiobraziliense.com.br\/vicente\/wp-json\/wp\/v2\/comments?post=5365"}],"version-history":[{"count":5,"href":"https:\/\/blogs.correiobraziliense.com.br\/vicente\/wp-json\/wp\/v2\/posts\/5365\/revisions"}],"predecessor-version":[{"id":5372,"href":"https:\/\/blogs.correiobraziliense.com.br\/vicente\/wp-json\/wp\/v2\/posts\/5365\/revisions\/5372"}],"wp:attachment":[{"href":"https:\/\/blogs.correiobraziliense.com.br\/vicente\/wp-json\/wp\/v2\/media?parent=5365"}],"wp:term":[{"taxonomy":"category","embeddable":true,"href":"https:\/\/blogs.correiobraziliense.com.br\/vicente\/wp-json\/wp\/v2\/categories?post=5365"},{"taxonomy":"post_tag","embeddable":true,"href":"https:\/\/blogs.correiobraziliense.com.br\/vicente\/wp-json\/wp\/v2\/tags?post=5365"}],"curies":[{"name":"wp","href":"https:\/\/api.w.org\/{rel}","templated":true}]}}