{"id":5340,"date":"2017-07-18T17:04:41","date_gmt":"2017-07-18T20:04:41","guid":{"rendered":"https:\/\/blogs.correiobraziliense.com.br\/vicente\/?p=5340"},"modified":"2017-07-18T20:49:11","modified_gmt":"2017-07-18T23:49:11","slug":"equipe-economica-e-de-quinta-categoria-avalia-ciro-gomes","status":"publish","type":"post","link":"https:\/\/blogs.correiobraziliense.com.br\/vicente\/equipe-economica-e-de-quinta-categoria-avalia-ciro-gomes\/","title":{"rendered":"Equipe econ\u00f4mica \u00e9 de quinta categoria, avalia Ciro Gomes"},"content":{"rendered":"<h2>POR ANTONIO TEM\u00d3TEO<\/h2>\n<h2><\/h2>\n<h2>O ex-ministro da Fazenda Ciro Gomes (PDT-CE) avalia que a equipe econ\u00f4mica, queridinha do mercado, \u00e9 de quinta categoria. Para ele, o trabalho realizado pelo ministro da Fazenda, Henrique Meirelles, pelo ministro do Planejamento, Dyogo Oliveira, e pelo presidente do Banco Central (BC), Ilan Goldfajn, t\u00eam levado o pa\u00eds para o buraco.<\/h2>\n<p>&nbsp;<\/p>\n<p>Conforme Gomes, o pa\u00eds est\u00e1 com deficit fiscal prim\u00e1rio que se aproxima de 150 bilh\u00f5es, a receita p\u00fablica esta despenca, o desemprego \u00e9 o maior da historia e a quantidade de empresas em recupera\u00e7\u00e3o judicial \u00e9 recorde. Al\u00e9m disso, o n\u00edvel provisionamento dos bancos est\u00e1 no maior volume da hist\u00f3ria e a inadimpl\u00eancia \u00e9 recorde. &#8220;A parte da nossa elite que vive do rentismo pirou&#8221;, alerta.<\/p>\n<p>&nbsp;<\/p>\n<p class=\"p1\">O pol\u00edtico e pr\u00e9-candidato a presid\u00eancia da Rep\u00fablica tamb\u00e9m n\u00e3o poupou cr\u00edticas ao trabalho realizado pela equipe de Ilan Goldfajn. Conforme ele, n\u00e3o h\u00e1 explica\u00e7\u00e3o para que os juros b\u00e1sicos da economia estejam em 10,25% ao ano diante de um processo t\u00e3o forte de queda de pre\u00e7os. &#8220;Voc\u00ea tem uma chance de ouro de trazer a taxa de juros para um patamar razoavelmente civilizado e estamos com ela em 10,25%. O maior juro do mundo sem explica\u00e7\u00e3o nenhuma&#8221;, diz.<\/p>\n<p class=\"p1\">Para ele, a pol\u00edtica monet\u00e1ria piora a trajet\u00f3ria de crescimento da d\u00edvida p\u00fablica, que deve terminar o ano em 75% do Produto Interno Bruto (PIB). &#8220;N\u00f3s estamos nos desindustrializando a ponto de o setor representar oito m\u00edseros porcento do PIB.\u00a0Algu\u00e9m vai elogiar esse trabalho&#8221;, diz.<\/p>\n","protected":false},"excerpt":{"rendered":"<p>POR ANTONIO TEM\u00d3TEO O ex-ministro da Fazenda Ciro Gomes (PDT-CE) avalia que a equipe econ\u00f4mica, queridinha do mercado, \u00e9 de quinta categoria. Para ele, o trabalho realizado pelo ministro da Fazenda, Henrique Meirelles, pelo ministro do Planejamento, Dyogo Oliveira, e pelo presidente do Banco Central (BC), Ilan Goldfajn, t\u00eam levado o pa\u00eds para o buraco. [&hellip;]<\/p>\n","protected":false},"author":22,"featured_media":0,"comment_status":"open","ping_status":"closed","sticky":false,"template":"","format":"standard","meta":{"footnotes":""},"categories":[600],"tags":[2412,84,360,21,107],"class_list":["post-5340","post","type-post","status-publish","format-standard","hentry","category-economia","tag-ciro-gomes","tag-dyogo-oliveira","tag-equipe-economica","tag-henrique-meirelles","tag-ilan-goldfajn"],"_links":{"self":[{"href":"https:\/\/blogs.correiobraziliense.com.br\/vicente\/wp-json\/wp\/v2\/posts\/5340","targetHints":{"allow":["GET"]}}],"collection":[{"href":"https:\/\/blogs.correiobraziliense.com.br\/vicente\/wp-json\/wp\/v2\/posts"}],"about":[{"href":"https:\/\/blogs.correiobraziliense.com.br\/vicente\/wp-json\/wp\/v2\/types\/post"}],"author":[{"embeddable":true,"href":"https:\/\/blogs.correiobraziliense.com.br\/vicente\/wp-json\/wp\/v2\/users\/22"}],"replies":[{"embeddable":true,"href":"https:\/\/blogs.correiobraziliense.com.br\/vicente\/wp-json\/wp\/v2\/comments?post=5340"}],"version-history":[{"count":3,"href":"https:\/\/blogs.correiobraziliense.com.br\/vicente\/wp-json\/wp\/v2\/posts\/5340\/revisions"}],"predecessor-version":[{"id":5349,"href":"https:\/\/blogs.correiobraziliense.com.br\/vicente\/wp-json\/wp\/v2\/posts\/5340\/revisions\/5349"}],"wp:attachment":[{"href":"https:\/\/blogs.correiobraziliense.com.br\/vicente\/wp-json\/wp\/v2\/media?parent=5340"}],"wp:term":[{"taxonomy":"category","embeddable":true,"href":"https:\/\/blogs.correiobraziliense.com.br\/vicente\/wp-json\/wp\/v2\/categories?post=5340"},{"taxonomy":"post_tag","embeddable":true,"href":"https:\/\/blogs.correiobraziliense.com.br\/vicente\/wp-json\/wp\/v2\/tags?post=5340"}],"curies":[{"name":"wp","href":"https:\/\/api.w.org\/{rel}","templated":true}]}}