{"id":5336,"date":"2017-07-18T16:44:34","date_gmt":"2017-07-18T19:44:34","guid":{"rendered":"https:\/\/blogs.correiobraziliense.com.br\/vicente\/?p=5336"},"modified":"2017-07-18T20:47:39","modified_gmt":"2017-07-18T23:47:39","slug":"apos-ruidos-equipe-economica-se-une-em-relacao-tlp","status":"publish","type":"post","link":"https:\/\/blogs.correiobraziliense.com.br\/vicente\/apos-ruidos-equipe-economica-se-une-em-relacao-tlp\/","title":{"rendered":"Ap\u00f3s ru\u00eddos, equipe econ\u00f4mica se une em rela\u00e7\u00e3o \u00e0 TLP"},"content":{"rendered":"<p class=\"p1\">\n<h2>POR ANTONIO TEM\u00d3TEO<\/h2>\n<h2><\/h2>\n<h2>Ap\u00f3s integrantes da equipe econ\u00f4mica divergirem sobre a efici\u00eancia da Taxa de Longo Prazo (TLP,) os ministros da Fazenda, Henrique Meirelles, do Planejamento, Dyogo Oliveira, o presidente do Banco Central, Ilan Goldfajn, e o presidente do BNDES, Paulo Rabello de Castro divulgaram nota conjunta para elencar os benef\u00edcios da decis\u00e3o tomada pelo governo. A TLP foi criada para substituir a Taxa de Juros de Longo Prazo (TJLP).<\/h2>\n<p>&nbsp;<\/p>\n<p>Conforme o comunicado, a a TLP proteger\u00e1 o trabalhador, na medida em que melhora a remunera\u00e7\u00e3o do Fundo de Amparo ao Trabalhador (FAT), que hoje \u00e9 deficit\u00e1rio. Al\u00e9m disso, contribui para a o equil\u00edbrio fiscal, pois melhora a rentabilidade dos recursos p\u00fablicos, oriundos de receita tribut\u00e1ria, que formam os fundos abrangidos pela medida.<\/p>\n<p>&nbsp;<\/p>\n<p>A MP, segundo os integrantes da equipe econ\u00f4mica, contribuir\u00e1 para aumentar a pot\u00eancia da pol\u00edtica monet\u00e1ria e para a redu\u00e7\u00e3o da taxa de juros estrutural da economia brasileira. \u201cAo reduzir o volume de cr\u00e9dito alheio aos efeitos do principal instrumento de pol\u00edtica monet\u00e1ria, a TLP permitir\u00e1 a redu\u00e7\u00e3o na taxa estrutural de juros, com reflexos positivos na diminui\u00e7\u00e3o do custo do cr\u00e9dito no pa\u00eds\u201d, destacou o nota.<\/p>\n<p>&nbsp;<\/p>\n<p>A equipe econ\u00f4mica ainda se comprometeu em encaminhar ao relator da proposta, deputado Betinho Gomes (PSDB-PE), uma nota t\u00e9cnica com com esclarecimentos sobre a medida.<\/p>\n","protected":false},"excerpt":{"rendered":"<p>POR ANTONIO TEM\u00d3TEO Ap\u00f3s integrantes da equipe econ\u00f4mica divergirem sobre a efici\u00eancia da Taxa de Longo Prazo (TLP,) os ministros da Fazenda, Henrique Meirelles, do Planejamento, Dyogo Oliveira, o presidente do Banco Central, Ilan Goldfajn, e o presidente do BNDES, Paulo Rabello de Castro divulgaram nota conjunta para elencar os benef\u00edcios da decis\u00e3o tomada pelo [&hellip;]<\/p>\n","protected":false},"author":22,"featured_media":0,"comment_status":"open","ping_status":"closed","sticky":false,"template":"","format":"standard","meta":{"footnotes":""},"categories":[600],"tags":[2409,2410,2411,2408],"class_list":["post-5336","post","type-post","status-publish","format-standard","hentry","category-economia","tag-mp-777","tag-nota-tecnica","tag-ruidos","tag-tlp"],"_links":{"self":[{"href":"https:\/\/blogs.correiobraziliense.com.br\/vicente\/wp-json\/wp\/v2\/posts\/5336","targetHints":{"allow":["GET"]}}],"collection":[{"href":"https:\/\/blogs.correiobraziliense.com.br\/vicente\/wp-json\/wp\/v2\/posts"}],"about":[{"href":"https:\/\/blogs.correiobraziliense.com.br\/vicente\/wp-json\/wp\/v2\/types\/post"}],"author":[{"embeddable":true,"href":"https:\/\/blogs.correiobraziliense.com.br\/vicente\/wp-json\/wp\/v2\/users\/22"}],"replies":[{"embeddable":true,"href":"https:\/\/blogs.correiobraziliense.com.br\/vicente\/wp-json\/wp\/v2\/comments?post=5336"}],"version-history":[{"count":4,"href":"https:\/\/blogs.correiobraziliense.com.br\/vicente\/wp-json\/wp\/v2\/posts\/5336\/revisions"}],"predecessor-version":[{"id":5348,"href":"https:\/\/blogs.correiobraziliense.com.br\/vicente\/wp-json\/wp\/v2\/posts\/5336\/revisions\/5348"}],"wp:attachment":[{"href":"https:\/\/blogs.correiobraziliense.com.br\/vicente\/wp-json\/wp\/v2\/media?parent=5336"}],"wp:term":[{"taxonomy":"category","embeddable":true,"href":"https:\/\/blogs.correiobraziliense.com.br\/vicente\/wp-json\/wp\/v2\/categories?post=5336"},{"taxonomy":"post_tag","embeddable":true,"href":"https:\/\/blogs.correiobraziliense.com.br\/vicente\/wp-json\/wp\/v2\/tags?post=5336"}],"curies":[{"name":"wp","href":"https:\/\/api.w.org\/{rel}","templated":true}]}}