{"id":5321,"date":"2017-07-15T09:56:43","date_gmt":"2017-07-15T12:56:43","guid":{"rendered":"https:\/\/blogs.correiobraziliense.com.br\/vicente\/?p=5321"},"modified":"2017-07-15T11:07:38","modified_gmt":"2017-07-15T14:07:38","slug":"coluna-no-correio-egos-e-traicoes-na-equipe-economica","status":"publish","type":"post","link":"https:\/\/blogs.correiobraziliense.com.br\/vicente\/coluna-no-correio-egos-e-traicoes-na-equipe-economica\/","title":{"rendered":"Coluna no Correio: Egos e trai\u00e7\u00f5es na equipe econ\u00f4mica"},"content":{"rendered":"<h2>O que \u00e9 a vaidade humana. Bastou a possibilidade de Michel Temer ser substitu\u00eddo pelo deputado Rodrigo Maia (DEM-RJ), na Presid\u00eancia da Rep\u00fablica, para que uma guerra de egos tomasse conta da equipe econ\u00f4mica. Gente gra\u00fada dos minist\u00e9rios da Fazenda e do Planejamento, que, at\u00e9 ent\u00e3o, convivia civilizadamente, passou a bater cabe\u00e7a tentando permanecer no cargo ou mesmo galgar fun\u00e7\u00f5es de maior destaque.<\/h2>\n<p>&nbsp;<\/p>\n<p>Toda a disputa est\u00e1 correndo de forma velada, mas, nos bastidores, \u00e9 poss\u00edvel identificar os focos de tens\u00e3o, com grupos plantando not\u00edcias uns contra os outros. A onda de veneno abrange, inclusive, os ministros Henrique Meirelles (Fazenda) e Dyogo Oliveira (Planejamento). Uns dizem que, num eventual governo de Rodrigo Maia, o chefe da Fazenda seria mantido no cargo. J\u00e1 Dyogo seria substitu\u00eddo por Mansueto Almeida, atual secret\u00e1rio de Acompanhamento Econ\u00f4mico.<\/p>\n<p>&nbsp;<\/p>\n<p>Outros afirmam que Meirelles n\u00e3o ter\u00e1 nenhuma chance num eventual governo Maia, pois o atual presidente da C\u00e2mara dos Deputados considera que o chefe da equipe econ\u00f4mica tem ideias ultrapassadas. Dyogo, no entanto, seria preservado no Planejamento com o apoio do senador Romero Juc\u00e1 (PMDB-RR). Pessoas ligadas a Meirelles e a Dyogo garantem que os dois n\u00e3o est\u00e3o trabalhando com a hip\u00f3tese de mudan\u00e7a de governo. E que t\u00eam procurado atuar juntos na elabora\u00e7\u00e3o de medidas para tirar o pa\u00eds do atoleiro em que se encontra.<\/p>\n<p>&nbsp;<\/p>\n<p>Tanto na Fazenda quanto no Planejamento se admite que Meirelles e Dyogo nunca foram pr\u00f3ximos. No in\u00edcio do governo Temer, os dois trombaram muito. Mas, ao longo do tempo, foram acertando os ponteiros. \u201cEles t\u00eam conversado muito, afinando as ideias em torno de decis\u00f5es tomadas pelo governo\u201d, diz um ministro com tr\u00e2nsito no Pal\u00e1cio do Planalto. Para comprovar essa boa conviv\u00eancia, ele conta que, nesta semana, Meirelles ligou para Dyogo afim de acertarem a resposta a ser dada ao Tribunal de Contas da Uni\u00e3o (TCU), que alertou sobre o risco de o governo estourar a meta de superavit prim\u00e1rio deste ano, de deficit de at\u00e9 R$ 139 bilh\u00f5es.<\/p>\n<p>&nbsp;<\/p>\n<p><strong>Brigas hist\u00f3ricas<\/strong><\/p>\n<p>&nbsp;<\/p>\n<p>Disputas entre os minist\u00e9rios da Fazenda e do Planejamento s\u00e3o hist\u00f3ricas. Mas chama a aten\u00e7\u00e3o o intenso tiroteio travado nas \u00faltimas semanas. \u201cTem havido muita briga\u201d, reconhece um t\u00e9cnico da Fazenda. \u201cMas n\u00e3o se trata de uma luta por sobreviv\u00eancia se houver troca de governo. A disputa \u00e9 por ideias, o que \u00e9 saud\u00e1vel\u201d, minimiza. Um alto funcion\u00e1rio do Planejamento reclama que todos se referem \u00e0 equipe de Meirelles como genial, mas, na verdade, a Fazenda pouco tem formulado. As principais medidas adotadas pelo governo t\u00eam sa\u00eddo do time comandado por Dyogo.<\/p>\n<p>&nbsp;<\/p>\n<p>\u201cO problema \u00e9 que a equipe do Planejamento n\u00e3o faz barulho\u201d, assinala um t\u00e9cnico. \u201cMas quando uma medida que tomamos d\u00e1 certo, a Fazenda sempre colhe os louros\u201d, acrescenta. Ele cita o caso da libera\u00e7\u00e3o de recursos das contas inativas do Fundo de Garantia do Tempo de Servi\u00e7o (FGTS). Enquanto o assunto esteve em discuss\u00e3o, a equipe de Meirelles a bombardeou o quanto p\u00f4de. A partir do momento que Temer comprou a ideia, at\u00e9 para criar fatos positivos para o governo, n\u00e3o faltaram pais e m\u00e3es da medida.<\/p>\n<p>&nbsp;<\/p>\n<p>Dentro do Planalto, auxiliares do presidente dizem que alguns sinais de trai\u00e7\u00e3o j\u00e1 foram anotados. \u201cFoi incr\u00edvel ver as not\u00edcias sobre a perman\u00eancia da equipe econ\u00f4mica num eventual governo de Rodrigo Maia. Sabemos quem se apresentou para permanecer no cargo se houvesse troca no Planalto\u201d, destaca um assessor de Temer. Para ele, \u00e9 importante deixar claro que lealdade \u00e9 tudo para o chefe do Executivo. \u201cTemos no\u00e7\u00e3o de todos os que est\u00e3o com o governo. Esses permanecer\u00e3o nos cargos que ocupam. J\u00e1 os traidores sabem o que o destino lhes reserva\u201d, avisa.<\/p>\n","protected":false},"excerpt":{"rendered":"<p>O que \u00e9 a vaidade humana. Bastou a possibilidade de Michel Temer ser substitu\u00eddo pelo deputado Rodrigo Maia (DEM-RJ), na Presid\u00eancia da Rep\u00fablica, para que uma guerra de egos tomasse conta da equipe econ\u00f4mica. Gente gra\u00fada dos minist\u00e9rios da Fazenda e do Planejamento, que, at\u00e9 ent\u00e3o, convivia civilizadamente, passou a bater cabe\u00e7a tentando permanecer no [&hellip;]<\/p>\n","protected":false},"author":22,"featured_media":0,"comment_status":"open","ping_status":"closed","sticky":false,"template":"","format":"standard","meta":{"footnotes":""},"categories":[600],"tags":[84,360,21,2397,111,2396],"class_list":["post-5321","post","type-post","status-publish","format-standard","hentry","category-economia","tag-dyogo-oliveira","tag-equipe-economica","tag-henrique-meirelles","tag-intrigas","tag-michel-temer","tag-traicao"],"_links":{"self":[{"href":"https:\/\/blogs.correiobraziliense.com.br\/vicente\/wp-json\/wp\/v2\/posts\/5321","targetHints":{"allow":["GET"]}}],"collection":[{"href":"https:\/\/blogs.correiobraziliense.com.br\/vicente\/wp-json\/wp\/v2\/posts"}],"about":[{"href":"https:\/\/blogs.correiobraziliense.com.br\/vicente\/wp-json\/wp\/v2\/types\/post"}],"author":[{"embeddable":true,"href":"https:\/\/blogs.correiobraziliense.com.br\/vicente\/wp-json\/wp\/v2\/users\/22"}],"replies":[{"embeddable":true,"href":"https:\/\/blogs.correiobraziliense.com.br\/vicente\/wp-json\/wp\/v2\/comments?post=5321"}],"version-history":[{"count":1,"href":"https:\/\/blogs.correiobraziliense.com.br\/vicente\/wp-json\/wp\/v2\/posts\/5321\/revisions"}],"predecessor-version":[{"id":5322,"href":"https:\/\/blogs.correiobraziliense.com.br\/vicente\/wp-json\/wp\/v2\/posts\/5321\/revisions\/5322"}],"wp:attachment":[{"href":"https:\/\/blogs.correiobraziliense.com.br\/vicente\/wp-json\/wp\/v2\/media?parent=5321"}],"wp:term":[{"taxonomy":"category","embeddable":true,"href":"https:\/\/blogs.correiobraziliense.com.br\/vicente\/wp-json\/wp\/v2\/categories?post=5321"},{"taxonomy":"post_tag","embeddable":true,"href":"https:\/\/blogs.correiobraziliense.com.br\/vicente\/wp-json\/wp\/v2\/tags?post=5321"}],"curies":[{"name":"wp","href":"https:\/\/api.w.org\/{rel}","templated":true}]}}