{"id":5311,"date":"2017-07-14T11:01:47","date_gmt":"2017-07-14T14:01:47","guid":{"rendered":"https:\/\/blogs.correiobraziliense.com.br\/vicente\/?p=5311"},"modified":"2017-07-14T11:34:24","modified_gmt":"2017-07-14T14:34:24","slug":"saques-das-contas-inativas-do-fgts-somam-r-418-bi-ainda-ha-r-18-bi-esperando","status":"publish","type":"post","link":"https:\/\/blogs.correiobraziliense.com.br\/vicente\/saques-das-contas-inativas-do-fgts-somam-r-418-bi-ainda-ha-r-18-bi-esperando\/","title":{"rendered":"Saques das contas inativas do FGTS somam R$ 41,8 bi. Ainda h\u00e1 R$ 1,8 bi esperando"},"content":{"rendered":"<h2>HAMILTON FERRARI<\/h2>\n<h2><\/h2>\n<h2>Endividados e com o or\u00e7amento apertado, os brasileiros correram para sacar os recursos liberados das contas inativas do Fundo de Garantia do Tempo de Servi\u00e7o (FGTS). Segundo a Caixa Econ\u00f4mica Federal, foram sacados mais de R$ 41,8 bilh\u00f5es por 24,8 milh\u00f5es de trabalhadores. O valor pago at\u00e9 12 de julho equivale a 96% do total dispon\u00edvel para saque, de R$ 43,6 bilh\u00f5es.<\/h2>\n<p>&nbsp;<\/p>\n<p>O n\u00famero de trabalhadores que sacaram os recursos das contas do Fundo de Garantia representa 82% dos 30,2 milh\u00f5es beneficiados. O prazo para saques termina em 31 de julho. N\u00e3o h\u00e1 perspectivas de que o governo prorrogue esse prazo. T\u00e9cnicos da equipe econ\u00f4mica dizem que os saques superaram em muito as estimativas. O governo esperava libera\u00e7\u00e3o total de R$ 35 bilh\u00f5es.<\/p>\n<p>&nbsp;<\/p>\n<p>Para os t\u00e9cnicos do governo, a corrida pelo FGTS mostra o quando o endividamento estava sufocando as fam\u00edlias. Por isso, n\u00e3o houve tanto est\u00edmulo ao consumo. A expectativa era de que o FGTS desse um impulso ao com\u00e9rcio. At\u00e9 houve um movimento maior nas lojas, mas n\u00e3o o suficiente para incrementar o n\u00edvel de atividade. O Banco Central mostrou, nesta sexta-feira, 14, que a economia teve retra\u00e7\u00e3o de 0,51% em maio.<\/p>\n<p>&nbsp;<\/p>\n<p>Na avalia\u00e7\u00e3o dos especialistas, a op\u00e7\u00e3o das fam\u00edlias pelo pagamento de d\u00edvidas foi uma \u00f3tima decis\u00e3o. Al\u00e9m de reduzir o estresse das pessoas, a redu\u00e7\u00e3o dos d\u00e9bitos abre espa\u00e7o para o consumo futuro. Isso indica que o segundo semestre pode ser melhor para o varejo.<\/p>\n<p>&nbsp;<\/p>\n<p>N\u00e3o por acaso, os shoppings centers j\u00e1 admitem elevar as perspectivas de vendas para os \u00faltimos seis meses deste ano, apesar da crise pol\u00edtica. A proje\u00e7\u00e3o de crescimento do setor deve passar de 5% para 7%, um salto importante se levado em conta o tamanho da recess\u00e3o na qual o pa\u00eds mergulhou desde o fim de 2014.<\/p>\n","protected":false},"excerpt":{"rendered":"<p>HAMILTON FERRARI Endividados e com o or\u00e7amento apertado, os brasileiros correram para sacar os recursos liberados das contas inativas do Fundo de Garantia do Tempo de Servi\u00e7o (FGTS). Segundo a Caixa Econ\u00f4mica Federal, foram sacados mais de R$ 41,8 bilh\u00f5es por 24,8 milh\u00f5es de trabalhadores. O valor pago at\u00e9 12 de julho equivale a 96% [&hellip;]<\/p>\n","protected":false},"author":22,"featured_media":0,"comment_status":"open","ping_status":"closed","sticky":false,"template":"","format":"standard","meta":{"footnotes":""},"categories":[600],"tags":[],"class_list":["post-5311","post","type-post","status-publish","format-standard","hentry","category-economia"],"_links":{"self":[{"href":"https:\/\/blogs.correiobraziliense.com.br\/vicente\/wp-json\/wp\/v2\/posts\/5311","targetHints":{"allow":["GET"]}}],"collection":[{"href":"https:\/\/blogs.correiobraziliense.com.br\/vicente\/wp-json\/wp\/v2\/posts"}],"about":[{"href":"https:\/\/blogs.correiobraziliense.com.br\/vicente\/wp-json\/wp\/v2\/types\/post"}],"author":[{"embeddable":true,"href":"https:\/\/blogs.correiobraziliense.com.br\/vicente\/wp-json\/wp\/v2\/users\/22"}],"replies":[{"embeddable":true,"href":"https:\/\/blogs.correiobraziliense.com.br\/vicente\/wp-json\/wp\/v2\/comments?post=5311"}],"version-history":[{"count":6,"href":"https:\/\/blogs.correiobraziliense.com.br\/vicente\/wp-json\/wp\/v2\/posts\/5311\/revisions"}],"predecessor-version":[{"id":5317,"href":"https:\/\/blogs.correiobraziliense.com.br\/vicente\/wp-json\/wp\/v2\/posts\/5311\/revisions\/5317"}],"wp:attachment":[{"href":"https:\/\/blogs.correiobraziliense.com.br\/vicente\/wp-json\/wp\/v2\/media?parent=5311"}],"wp:term":[{"taxonomy":"category","embeddable":true,"href":"https:\/\/blogs.correiobraziliense.com.br\/vicente\/wp-json\/wp\/v2\/categories?post=5311"},{"taxonomy":"post_tag","embeddable":true,"href":"https:\/\/blogs.correiobraziliense.com.br\/vicente\/wp-json\/wp\/v2\/tags?post=5311"}],"curies":[{"name":"wp","href":"https:\/\/api.w.org\/{rel}","templated":true}]}}