{"id":5281,"date":"2017-07-13T06:33:23","date_gmt":"2017-07-13T09:33:23","guid":{"rendered":"https:\/\/blogs.correiobraziliense.com.br\/vicente\/?p=5281"},"modified":"2017-07-13T10:57:06","modified_gmt":"2017-07-13T13:57:06","slug":"coluna-no-correio-contagem-regressiva-para-prisao-de-lula","status":"publish","type":"post","link":"https:\/\/blogs.correiobraziliense.com.br\/vicente\/coluna-no-correio-contagem-regressiva-para-prisao-de-lula\/","title":{"rendered":"Coluna no Correio: Contagem regressiva para a pris\u00e3o de Lula"},"content":{"rendered":"<h2>O ex-presidente Lula recebeu a senten\u00e7a do juiz S\u00e9rgio Moro, que o condenou a nove anos e seis meses de pris\u00e3o, com a \u201cserenidade de um inocente\u201d, como relatou M\u00e1rcio Macedo, um dos vice-presidentes do PT. A descri\u00e7\u00e3o est\u00e1 bem ao gosto dos fregueses, sobretudo daqueles que sa\u00edram \u00e0s ruas para pedir a n\u00e3o condena\u00e7\u00e3o do l\u00edder petista. Marketing \u00e0 parte, o certo \u00e9 que a senten\u00e7a de Moro carimbou em Lula o selo da corrup\u00e7\u00e3o. Mesmo ainda n\u00e3o sendo preso por \u201cprud\u00eancia\u201d e para evitar \u201ccertos traumas\u201d, conforme destacou Moro em sua senten\u00e7a, Lula ficou menor. L\u00edder isolado nas pesquisas de inten\u00e7\u00e3o de voto para a Presid\u00eancia da Rep\u00fablica, ele carregar\u00e1, agora, no curr\u00edculo, o t\u00edtulo de primeiro comandante do pa\u00eds condenado pela Justi\u00e7a comum. N\u00e3o \u00e9 pouca coisa.<\/h2>\n<p>&nbsp;<\/p>\n<p>Lula, como sempre, posar\u00e1 de v\u00edtima. E tentar\u00e1 usar o tempo a seu favor, uma vez que o Tribunal Regional Federal da 4\u00aa Regi\u00e3o (TRF-4), ao qual caber\u00e1 ratificar ou n\u00e3o a decis\u00e3o de Moro, deve demorar cerca de um ano para se posicionar caso mantidos os tr\u00e2mites normais. Com isso, a decis\u00e3o sairia no auge das elei\u00e7\u00f5es de 2018. Aliados do petista acreditam que isso poder\u00e1 jogar a favor dele, principalmente se estiver liderando a corrida ao Planalto. A leitura dentro do PT \u00e9 de que uma condena\u00e7\u00e3o do TRF-4, com a pris\u00e3o de Lula num momento decisivo das elei\u00e7\u00f5es, levaria o Brasil a uma convuls\u00e3o social. O PT aposta no \u201cmedo\u201d da Justi\u00e7a para livrar seu l\u00edder m\u00e1ximo da pris\u00e3o. Ao mesmo tempo, est\u00e1 preparado para atear fogo no pa\u00eds.<\/p>\n<p>&nbsp;<\/p>\n<p>Os advers\u00e1rios de Lula, acusado de corrup\u00e7\u00e3o passiva e lavagem de dinheiro no caso do tr\u00edplex de Guaruj\u00e1, acreditam que o tempo pol\u00edtico poder\u00e1 levar o TRF-4 a antecipar sua decis\u00e3o. Tal hip\u00f3tese entrou com tudo no radar dos investidores, que refutam qualquer possibilidade de o ex-presidente retornar ao Planalto. Lula j\u00e1 foi o queridinho do mercado financeiro. Ao assumir o comando do pa\u00eds em 2003, n\u00e3o s\u00f3 manteve a pol\u00edtica econ\u00f4mica executada por seu antecessor, Fernando Henrique Cardoso, como aprofundou os pilares da estabilidade \u2014 o sistema de metas de infla\u00e7\u00e3o, o c\u00e2mbio flutuante e o ajuste fiscal. Esse compromisso havia sido firmado na Carta ao Povo Brasileiro, divulgada durante a campanha.<\/p>\n<p>&nbsp;<\/p>\n<p><strong>Elei\u00e7\u00f5es de 2018<\/strong><\/p>\n<p>&nbsp;<\/p>\n<p>Agora, por\u00e9m, Lula \u00e9 visto como um cr\u00edtico feroz do ajuste fiscal, que passa pela aprova\u00e7\u00e3o da reforma da Previd\u00eancia Social. Para os donos do dinheiro, tir\u00e1-lo do caminho com a condena\u00e7\u00e3o pelo TRF-4 \u00e9 fundamental. Lula, na avalia\u00e7\u00e3o dos investidores, \u00e9 o maior risco dentro dos cen\u00e1rios tra\u00e7ados p\u00f3s-elei\u00e7\u00e3o de 2018. Torn\u00e1-lo ineleg\u00edvel por meio da Lei da Ficha Limpa \u00e9 muito mais importante para o mercado do que uma eventual substitui\u00e7\u00e3o do presidente Michel Temer pelo deputado Rodrigo Maia, presidente da C\u00e2mara. Temer e Maia s\u00e3o alinhados com o pensamento dos donos do dinheiro.<\/p>\n<p>&nbsp;<\/p>\n<p>Daqui por diante, diz um importante gestor de fundos de investimentos, as not\u00edcias relativas a Lula dever\u00e3o ter mais impacto no mercado do que os desdobramentos pol\u00edticos de Bras\u00edlia. O petista \u00e9 alvo de v\u00e1rios processos. \u201cMesmo sem querer, o juiz S\u00e9rgio Moro antecipou as elei\u00e7\u00f5es de 2018. J\u00e1 v\u00ednhamos falando, internamente, sobre os riscos de ter o PT de volta ao poder depois de todo o estrago que a presidente Dilma Rousseff fez no pa\u00eds. Mas eram mais suposi\u00e7\u00f5es. A senten\u00e7a de Moro, no entanto, colocou o assunto na ordem do dia\u201d, afirma o executivo.<\/p>\n<p>&nbsp;<\/p>\n<p>N\u00e3o custa lembrar, segundo um integrante do Minist\u00e9rio P\u00fablico, que o TRF-4 costuma ratificar mais de 90% das decis\u00f5es tomadas por Moro. \u00c9 esse hist\u00f3rico que torna prov\u00e1vel a possibilidade de Lula ir para atr\u00e1s das grades. As pr\u00f3ximas semanas e meses, portanto, ser\u00e3o de grande expectativa. Os \u00edndices da bolsa de valores e os pre\u00e7os do d\u00f3lar ser\u00e3o o term\u00f4metro do destino do ex-presidente. Quanto mais a bolsa subir e a moeda norte-americana cair, maior ser\u00e1 a confian\u00e7a dos agentes financeiros de que Lula estar\u00e1 fora do p\u00e1reo das elei\u00e7\u00f5es de 2018. \u00c9 esperar para ver.<\/p>\n","protected":false},"excerpt":{"rendered":"<p>O ex-presidente Lula recebeu a senten\u00e7a do juiz S\u00e9rgio Moro, que o condenou a nove anos e seis meses de pris\u00e3o, com a \u201cserenidade de um inocente\u201d, como relatou M\u00e1rcio Macedo, um dos vice-presidentes do PT. A descri\u00e7\u00e3o est\u00e1 bem ao gosto dos fregueses, sobretudo daqueles que sa\u00edram \u00e0s ruas para pedir a n\u00e3o condena\u00e7\u00e3o [&hellip;]<\/p>\n","protected":false},"author":22,"featured_media":0,"comment_status":"open","ping_status":"closed","sticky":false,"template":"","format":"standard","meta":{"footnotes":""},"categories":[600],"tags":[489,665,23,111,92,351,2390],"class_list":["post-5281","post","type-post","status-publish","format-standard","hentry","category-economia","tag-489","tag-eleicoes","tag-lula","tag-michel-temer","tag-presidencia","tag-prisao","tag-republica"],"_links":{"self":[{"href":"https:\/\/blogs.correiobraziliense.com.br\/vicente\/wp-json\/wp\/v2\/posts\/5281","targetHints":{"allow":["GET"]}}],"collection":[{"href":"https:\/\/blogs.correiobraziliense.com.br\/vicente\/wp-json\/wp\/v2\/posts"}],"about":[{"href":"https:\/\/blogs.correiobraziliense.com.br\/vicente\/wp-json\/wp\/v2\/types\/post"}],"author":[{"embeddable":true,"href":"https:\/\/blogs.correiobraziliense.com.br\/vicente\/wp-json\/wp\/v2\/users\/22"}],"replies":[{"embeddable":true,"href":"https:\/\/blogs.correiobraziliense.com.br\/vicente\/wp-json\/wp\/v2\/comments?post=5281"}],"version-history":[{"count":4,"href":"https:\/\/blogs.correiobraziliense.com.br\/vicente\/wp-json\/wp\/v2\/posts\/5281\/revisions"}],"predecessor-version":[{"id":5285,"href":"https:\/\/blogs.correiobraziliense.com.br\/vicente\/wp-json\/wp\/v2\/posts\/5281\/revisions\/5285"}],"wp:attachment":[{"href":"https:\/\/blogs.correiobraziliense.com.br\/vicente\/wp-json\/wp\/v2\/media?parent=5281"}],"wp:term":[{"taxonomy":"category","embeddable":true,"href":"https:\/\/blogs.correiobraziliense.com.br\/vicente\/wp-json\/wp\/v2\/categories?post=5281"},{"taxonomy":"post_tag","embeddable":true,"href":"https:\/\/blogs.correiobraziliense.com.br\/vicente\/wp-json\/wp\/v2\/tags?post=5281"}],"curies":[{"name":"wp","href":"https:\/\/api.w.org\/{rel}","templated":true}]}}