{"id":5276,"date":"2017-07-12T18:10:29","date_gmt":"2017-07-12T21:10:29","guid":{"rendered":"https:\/\/blogs.correiobraziliense.com.br\/vicente\/?p=5276"},"modified":"2017-07-12T19:01:31","modified_gmt":"2017-07-12T22:01:31","slug":"tcu-alerta-que-governo-pode-nao-cumprir-meta-fiscal-deste-ano","status":"publish","type":"post","link":"https:\/\/blogs.correiobraziliense.com.br\/vicente\/tcu-alerta-que-governo-pode-nao-cumprir-meta-fiscal-deste-ano\/","title":{"rendered":"TCU alerta que governo pode n\u00e3o cumprir meta fiscal deste ano"},"content":{"rendered":"<h2>HAMILTON FERRARI<\/h2>\n<h2><\/h2>\n<h2>A desconfian\u00e7a em rela\u00e7\u00e3o ao cumprimento da meta fiscal deste ano, de deficit de at\u00e9 R$ 139 bilh\u00f5es, chegou ao Tribunal de Contas da Uni\u00e3o (TCU). O ministro Vital do R\u00eago emitiu alerta ao Minist\u00e9rio do Planejamento e ao Minist\u00e9rio da Fazenda, na sess\u00e3o plen\u00e1ria desta quarta-feira, 12, sobre o risco de frustra\u00e7\u00e3o no ajuste fiscal.<\/h2>\n<p>&nbsp;<\/p>\n<p>Na avalia\u00e7\u00e3o do ministro, os elevados montantes de previs\u00e3o de receitas com concess\u00f5es e permiss\u00f5es de servi\u00e7os p\u00fablicos, no valor de R$ 20,7 bilh\u00f5es, concentradas em sua maior parte no \u00faltimo bimestre de 2017, poder\u00e3o n\u00e3o se concretizar.<\/p>\n<p>&nbsp;<\/p>\n<p>Entre as concess\u00f5es previstas, que seguem o rito de um processo desestatiza\u00e7\u00e3o, se alonga no tempo, apenas R$ 1,4 bilh\u00e3o, relativo a leil\u00f5es de aeroportos realizados em mar\u00e7o \u00faltimo, est\u00e1 em fase avan\u00e7ada, com previs\u00e3o de assinatura de contratos e pagamento das parcelas de outorga para agosto deste ano.<\/p>\n<p>&nbsp;<\/p>\n<p>O risco concreto de frustra\u00e7\u00e3o das arrecada\u00e7\u00f5es, da ordem de R$ 19,3 bilh\u00f5es, poder\u00e1 elevar o deficit prim\u00e1rio anual do governo federal para mais de R$ 161 bilh\u00f5es, caso nenhuma medida compensat\u00f3ria seja adotada. O alerta decorre de acompanhamento bimestral da execu\u00e7\u00e3o or\u00e7ament\u00e1ria, que \u00e9 realizada de forma sistem\u00e1tica pelo TCU.<\/p>\n<p>&nbsp;<\/p>\n<p>A situa\u00e7\u00e3o das contas p\u00fablicas \u00e9 dram\u00e1tica. Com as receitas em queda e os gastos crescentes, sobretudo por causa dos aumentos concedidos ao funcionalismo p\u00fablico, o governo j\u00e1 admite empurrar a fatura para a popula\u00e7\u00e3o, por meio do aumento de impostos.<\/p>\n<p>&nbsp;<\/p>\n<p>A perspectiva \u00e9 de que o governo eleve o Imposto sobre Produto Industrializados (IPI) e o PIS\/Cofins. Segundo a equipe econ\u00f4mica, n\u00e3o h\u00e1 como cortar mais os gastos, uma vez que os servi\u00e7os p\u00fablicos est\u00e3o operando no limite. H\u00e1 risco, inclusive, o Instituto Nacional do Seguro Social (INSS) fechar postos de atendimento se n\u00e3o receber verbas extras at\u00e9 o fim do ano.<\/p>\n<p>&nbsp;<\/p>\n<p>Para especialistas, mais cedo, mais tarde, o governo ter\u00e1 que ampliar a meta de deficit para este ano e, muito provavelmente, para 2018, quando se prev\u00ea rombo de at\u00e9 R$ 129 bilh\u00f5es.<\/p>\n<p>&nbsp;<\/p>\n<p><em>Bras\u00edlias, 18h10min<\/em><\/p>\n","protected":false},"excerpt":{"rendered":"<p>HAMILTON FERRARI A desconfian\u00e7a em rela\u00e7\u00e3o ao cumprimento da meta fiscal deste ano, de deficit de at\u00e9 R$ 139 bilh\u00f5es, chegou ao Tribunal de Contas da Uni\u00e3o (TCU). O ministro Vital do R\u00eago emitiu alerta ao Minist\u00e9rio do Planejamento e ao Minist\u00e9rio da Fazenda, na sess\u00e3o plen\u00e1ria desta quarta-feira, 12, sobre o risco de frustra\u00e7\u00e3o [&hellip;]<\/p>\n","protected":false},"author":22,"featured_media":0,"comment_status":"open","ping_status":"closed","sticky":false,"template":"","format":"standard","meta":{"footnotes":""},"categories":[600],"tags":[542,76,111,541,50],"class_list":["post-5276","post","type-post","status-publish","format-standard","hentry","category-economia","tag-contas-publicas","tag-deficit","tag-michel-temer","tag-rombo","tag-tcu"],"_links":{"self":[{"href":"https:\/\/blogs.correiobraziliense.com.br\/vicente\/wp-json\/wp\/v2\/posts\/5276","targetHints":{"allow":["GET"]}}],"collection":[{"href":"https:\/\/blogs.correiobraziliense.com.br\/vicente\/wp-json\/wp\/v2\/posts"}],"about":[{"href":"https:\/\/blogs.correiobraziliense.com.br\/vicente\/wp-json\/wp\/v2\/types\/post"}],"author":[{"embeddable":true,"href":"https:\/\/blogs.correiobraziliense.com.br\/vicente\/wp-json\/wp\/v2\/users\/22"}],"replies":[{"embeddable":true,"href":"https:\/\/blogs.correiobraziliense.com.br\/vicente\/wp-json\/wp\/v2\/comments?post=5276"}],"version-history":[{"count":4,"href":"https:\/\/blogs.correiobraziliense.com.br\/vicente\/wp-json\/wp\/v2\/posts\/5276\/revisions"}],"predecessor-version":[{"id":5280,"href":"https:\/\/blogs.correiobraziliense.com.br\/vicente\/wp-json\/wp\/v2\/posts\/5276\/revisions\/5280"}],"wp:attachment":[{"href":"https:\/\/blogs.correiobraziliense.com.br\/vicente\/wp-json\/wp\/v2\/media?parent=5276"}],"wp:term":[{"taxonomy":"category","embeddable":true,"href":"https:\/\/blogs.correiobraziliense.com.br\/vicente\/wp-json\/wp\/v2\/categories?post=5276"},{"taxonomy":"post_tag","embeddable":true,"href":"https:\/\/blogs.correiobraziliense.com.br\/vicente\/wp-json\/wp\/v2\/tags?post=5276"}],"curies":[{"name":"wp","href":"https:\/\/api.w.org\/{rel}","templated":true}]}}