{"id":5272,"date":"2017-07-12T16:28:19","date_gmt":"2017-07-12T19:28:19","guid":{"rendered":"https:\/\/blogs.correiobraziliense.com.br\/vicente\/?p=5272"},"modified":"2017-07-12T17:08:18","modified_gmt":"2017-07-12T20:08:18","slug":"investidores-querem-lula-fora-das-eleicoes-de-2018","status":"publish","type":"post","link":"https:\/\/blogs.correiobraziliense.com.br\/vicente\/investidores-querem-lula-fora-das-eleicoes-de-2018\/","title":{"rendered":"Investidores querem Lula fora das elei\u00e7\u00f5es de 2018"},"content":{"rendered":"<h2>A euforia que tomou conta do mercado financeiro depois do an\u00fancio da senten\u00e7a proferida pelo juiz Sergio Moro, na qual condenou o ex-presidente Lula a nove anos e meio de pris\u00e3o por corrup\u00e7\u00e3o e lavagem de dinheiro no caso do tr\u00edplex, tem uma explica\u00e7\u00e3o clara: os investidores querem o petista fora das elei\u00e7\u00f5es de 2018.<\/h2>\n<p>&nbsp;<\/p>\n<p>Lula, que j\u00e1 foi o queridinho do mercado, agora, \u00e9 visto como uma amea\u00e7a \u00e0 estabilidade econ\u00f4mica do pa\u00eds. Os donos do dinheiro, que endossaram Lula em 2002, quando ele soltou a Carta ao Povo Brasileiro se comprometendo a conduzir uma pol\u00edtica econ\u00f4mica respons\u00e1vel, temem que, de volta do poder, o petista fa\u00e7a um governo populista.<\/p>\n<p>&nbsp;<\/p>\n<p>Muitos no mercado se perguntam qual seria a pol\u00edtica econ\u00f4mica de Lula? Igual \u00e0 de Dilma Rousseff, que levou o pa\u00eds a mergulhar na mais grave recess\u00e3o da hist\u00f3ria, ou semelhando \u00e0 que foi adotada no primeiro mandato do petista, quando o Brasil deu um salto espetacular?<\/p>\n<p>&nbsp;<\/p>\n<p>O mercado, por\u00e9m, n\u00e3o quer correr riscos. Entre as d\u00favidas sobre o que seria um governo Lula e n\u00e3o ter o petista no poder novamente, os investidores ficam com a segunda op\u00e7\u00e3o. Lula tem feito um discurso raivoso contra as reformas trabalhista e da Previd\u00eancia, que tanto o mercado quer. Ataca, inclusive, a pol\u00edtica econ\u00f4mica conduzida pelo ministro da Fazenda, Henrique Meirelles, que foi presidente do Banco Central nos dois mandatos do petista.<\/p>\n<p>&nbsp;<\/p>\n<p>Para os investidores, o ideal \u00e9 que a Justi\u00e7a inviabilize a candidatura de Lula, que vem liderando todas as pesquisas de inten\u00e7\u00e3o de voto. Diante da crise pol\u00edtica enfrentada pelo pa\u00eds, o discurso populista que ele ostenta em alto e bom som faz muito sucesso.<\/p>\n<p>&nbsp;<\/p>\n<p>A condena\u00e7\u00e3o de Lula por Moro, por\u00e9m, \u00e9 na primeira inst\u00e2ncia. Isso n\u00e3o inviabiliza a candidatura do petista. Por enquanto, ele est\u00e1 apto a ser candidato e, se ganhar nas urnas, a assumir a Presid\u00eancia da Rep\u00fablica. Pela Lei da Ficha Limpa, para ficar fora da disputa pela Presid\u00eancia em 2018, Lula ainda precisa ser condenado em segunda inst\u00e2ncia.<\/p>\n<p>&nbsp;<\/p>\n<p>Assim que o mercado tomou conhecimento da decis\u00e3o de Moro, a Bolsa de Valores de S\u00e3o Paulo disparou. \u00c0s 16h04, o Ibovespa subia 1,61%. J\u00e1 o d\u00f3lar, ca\u00eda 1,2%, cotado a R$ 3,213.<\/p>\n<p>&nbsp;<\/p>\n<p><em>Bras\u00edlia, 16h04min\u00a0<\/em><\/p>\n","protected":false},"excerpt":{"rendered":"<p>A euforia que tomou conta do mercado financeiro depois do an\u00fancio da senten\u00e7a proferida pelo juiz Sergio Moro, na qual condenou o ex-presidente Lula a nove anos e meio de pris\u00e3o por corrup\u00e7\u00e3o e lavagem de dinheiro no caso do tr\u00edplex, tem uma explica\u00e7\u00e3o clara: os investidores querem o petista fora das elei\u00e7\u00f5es de 2018. [&hellip;]<\/p>\n","protected":false},"author":22,"featured_media":0,"comment_status":"open","ping_status":"closed","sticky":false,"template":"","format":"standard","meta":{"footnotes":""},"categories":[600],"tags":[],"class_list":["post-5272","post","type-post","status-publish","format-standard","hentry","category-economia"],"_links":{"self":[{"href":"https:\/\/blogs.correiobraziliense.com.br\/vicente\/wp-json\/wp\/v2\/posts\/5272","targetHints":{"allow":["GET"]}}],"collection":[{"href":"https:\/\/blogs.correiobraziliense.com.br\/vicente\/wp-json\/wp\/v2\/posts"}],"about":[{"href":"https:\/\/blogs.correiobraziliense.com.br\/vicente\/wp-json\/wp\/v2\/types\/post"}],"author":[{"embeddable":true,"href":"https:\/\/blogs.correiobraziliense.com.br\/vicente\/wp-json\/wp\/v2\/users\/22"}],"replies":[{"embeddable":true,"href":"https:\/\/blogs.correiobraziliense.com.br\/vicente\/wp-json\/wp\/v2\/comments?post=5272"}],"version-history":[{"count":3,"href":"https:\/\/blogs.correiobraziliense.com.br\/vicente\/wp-json\/wp\/v2\/posts\/5272\/revisions"}],"predecessor-version":[{"id":5275,"href":"https:\/\/blogs.correiobraziliense.com.br\/vicente\/wp-json\/wp\/v2\/posts\/5272\/revisions\/5275"}],"wp:attachment":[{"href":"https:\/\/blogs.correiobraziliense.com.br\/vicente\/wp-json\/wp\/v2\/media?parent=5272"}],"wp:term":[{"taxonomy":"category","embeddable":true,"href":"https:\/\/blogs.correiobraziliense.com.br\/vicente\/wp-json\/wp\/v2\/categories?post=5272"},{"taxonomy":"post_tag","embeddable":true,"href":"https:\/\/blogs.correiobraziliense.com.br\/vicente\/wp-json\/wp\/v2\/tags?post=5272"}],"curies":[{"name":"wp","href":"https:\/\/api.w.org\/{rel}","templated":true}]}}