{"id":5270,"date":"2017-07-12T01:21:48","date_gmt":"2017-07-12T04:21:48","guid":{"rendered":"https:\/\/blogs.correiobraziliense.com.br\/vicente\/?p=5270"},"modified":"2017-07-12T01:21:48","modified_gmt":"2017-07-12T04:21:48","slug":"depois-da-reforma-trabalhista-governo-quer-corte-de-125-ponto-nos-juros","status":"publish","type":"post","link":"https:\/\/blogs.correiobraziliense.com.br\/vicente\/depois-da-reforma-trabalhista-governo-quer-corte-de-125-ponto-nos-juros\/","title":{"rendered":"Depois da reforma trabalhista, governo quer corte de 1,25 ponto nos juros"},"content":{"rendered":"<h2>Depois da vit\u00f3ria no Senado, com a aprova\u00e7\u00e3o da reforma trabalhista \u2014 o placar de 50 votos a favor e 26 contra, por sinal, foi muito favor\u00e1vel ao Pal\u00e1cio do Planalto \u2014, o governo vai intensificar o discurso de que a economia finalmente engrenou e pode surpreender neste ano. O presidente Michel Temer est\u00e1 convencido de que, se ainda lhe resta um pilar de sustenta\u00e7\u00e3o, ele est\u00e1 na atividade econ\u00f4mica, que parece se descolar da pol\u00edtica. Assessores de Temer, inclusive, n\u00e3o descartam a possibilidade de o Banco Central acelerar o passo al\u00e9m do esperado pelo mercado e cortar a taxa b\u00e1sica de juros (Selic) em 1,25 ponto percentual no fim deste m\u00eas, dos atuais 10,25% para 9% ao ano. Essa expectativa era muito forte at\u00e9 17 de maio, quando o pa\u00eds foi surpreendido com a den\u00fancia contra Temer feita pelos irm\u00e3os Joesley e Wesley Batista, do grupo JBS.<\/h2>\n<p>&nbsp;<\/p>\n<p>No Planalto, o que se diz \u00e9 que, mesmo com todas as dificuldades pol\u00edticas e a vis\u00edvel redu\u00e7\u00e3o da base de apoio parlamentar de Temer, o governo est\u00e1 entregando tudo o que o BC vem pedindo, vide a reforma trabalhista. Mas, no entender de assessores palacianos, o que realmente est\u00e1 facilitando o trabalho do BC \u00e9 a queda da infla\u00e7\u00e3o. Ontem, a Funda\u00e7\u00e3o Getulio Vargas (FGV) informou que o \u00cdndice Geral de Pre\u00e7os \u2014 Mercado (IGP-M) acelerou a defla\u00e7\u00e3o e registrou tombo de 0,95% na primeira pr\u00e9via de julho, recuo quase duas vezes maior que o observado no mesmo per\u00edodo de junho (0,51%). H\u00e1 quem acredite que a infla\u00e7\u00e3o ao consumidor pode registrar queda pelo segundo m\u00eas seguido.<\/p>\n<p>&nbsp;<\/p>\n<p>Quem acompanha o dia a dia do BC, no entanto, cr\u00ea ser dif\u00edcil o time comandado por Ilan Goldfajn avan\u00e7ar tanto o sinal. Ilan j\u00e1 fez uma confiss\u00e3o de culpa de que a institui\u00e7\u00e3o errou no comunicado da reuni\u00e3o do Comit\u00ea de Pol\u00edtica Monet\u00e1ria (Copom) de maio. No documento, a institui\u00e7\u00e3o indicou que, diante do aumento das incertezas pol\u00edticas, reduziria o ritmo de baixa da Selic, de um ponto percentual para 0,75 ponto. Como, por\u00e9m, a infla\u00e7\u00e3o continuou desabando, o presidente do BC foi obrigado a assumir publicamente que o ritmo de corte est\u00e1 mais para um ponto. Da\u00ed a acreditar que ele passar\u00e1 a indicar uma redu\u00e7\u00e3o ainda maior dos juros neste m\u00eas requer um otimismo excessivo.<\/p>\n<p>&nbsp;<\/p>\n<p><strong>Previd\u00eancia<\/strong><\/p>\n<p>&nbsp;<\/p>\n<p>De uma certa forma, os investidores j\u00e1 vinham antecipando a aprova\u00e7\u00e3o da reforma trabalhista por meio de altas consecutivas na bolsa de valores e de quedas sucessivas nos pre\u00e7os do d\u00f3lar. S\u00f3 n\u00e3o esperavam que Temer conseguisse a vit\u00f3ria com o m\u00e1ximo de votos previstos nas proje\u00e7\u00f5es de analistas. A tend\u00eancia \u00e9 de haver uma divis\u00e3o no mercado. Uma parte passar\u00e1 a acreditar que o presidente ficou um pouco mais forte no Congresso; outra permanecer\u00e1 trabalhando com a substitui\u00e7\u00e3o dele pelo presidente da C\u00e2mara, Rodrigo Maia, que tem pensamento muito alinhado ao dos donos do dinheiro.<\/p>\n<p>&nbsp;<\/p>\n<p>Independentemente da vis\u00e3o, a maioria dos investidores n\u00e3o acredita na aprova\u00e7\u00e3o da reforma da Previd\u00eancia neste ano, nem com Temer, nem com Maia no comando do pa\u00eds. Uma coisa \u00e9 aprovar, por maioria simples, a reforma trabalhista que tem todo o apoio do capital. Outra \u00e9 conseguir apoio de dois ter\u00e7os do Congresso para tratar de um tema que mexe muito com a popula\u00e7\u00e3o, que rejeita o governo. A expectativa dos especialistas \u00e9 de que, na melhor das hip\u00f3teses, o Planalto consiga fazer parte das altera\u00e7\u00f5es no sistema de aposentadorias e pens\u00f5es por meio de medida provis\u00f3ria. As altera\u00e7\u00f5es corresponderiam a 40% das propostas que est\u00e3o no projeto encaminhado ao Legislativo.<\/p>\n<p>&nbsp;<\/p>\n<p>Um ministro muito pr\u00f3ximo a Temer reconhece que o governo realmente n\u00e3o tem for\u00e7a, neste momento, para levar adiante a reforma da Previd\u00eancia. \u201cMas ganhamos muito f\u00f4lego com a aprova\u00e7\u00e3o da reforma trabalhista\u201d, diz. Para ele, a prioridade, agora, \u00e9 que o presidente consiga barrar, na Comiss\u00e3o de Constitui\u00e7\u00e3o e Justi\u00e7a (CCJ), a aceita\u00e7\u00e3o de den\u00fancia por corrup\u00e7\u00e3o passiva feita pelo procurador-geral da Rep\u00fablica, Rodrigo Janot. \u201cSe obtiver os votos necess\u00e1rios, Temer mudar\u00e1 de patamar. Aqueles que o consideravam morto ter\u00e3o que rever esse pensamento\u201d, destaca.<\/p>\n<p>&nbsp;<\/p>\n<p>A orienta\u00e7\u00e3o do Planalto, fechada ontem \u00e0 noite com Temer, \u00e9 de que a tropa de choque governista domine a cena na retomada das discuss\u00f5es da CCJ nesta quarta-feira. \u201cTemos que mostrar for\u00e7a e liquidar a fatura logo\u201d, recomenda o presidente, segundo o ministro. Aos aliados o peemedebista garante que, superada a den\u00fancia da PGR, nada mais o impedir\u00e1 de levar adiante o mandato at\u00e9 o fim de 2018. Temer est\u00e1 convencido de que, p\u00f3s-CCJ, estar\u00e1 blindado de quaisquer outros ataques. E aqueles que ficarem ao seu lado at\u00e9 a batalha final ser\u00e3o muito bem recompensados. A caneta presidencial estar\u00e1 mais ativa do que nunca.<\/p>\n","protected":false},"excerpt":{"rendered":"<p>Depois da vit\u00f3ria no Senado, com a aprova\u00e7\u00e3o da reforma trabalhista \u2014 o placar de 50 votos a favor e 26 contra, por sinal, foi muito favor\u00e1vel ao Pal\u00e1cio do Planalto \u2014, o governo vai intensificar o discurso de que a economia finalmente engrenou e pode surpreender neste ano. O presidente Michel Temer est\u00e1 convencido [&hellip;]<\/p>\n","protected":false},"author":22,"featured_media":0,"comment_status":"open","ping_status":"closed","sticky":false,"template":"","format":"standard","meta":{"footnotes":""},"categories":[600],"tags":[3,2387,4,111,614,1227],"class_list":["post-5270","post","type-post","status-publish","format-standard","hentry","category-economia","tag-banco-central","tag-ccj","tag-juros","tag-michel-temer","tag-reforma","tag-trabalhista"],"_links":{"self":[{"href":"https:\/\/blogs.correiobraziliense.com.br\/vicente\/wp-json\/wp\/v2\/posts\/5270","targetHints":{"allow":["GET"]}}],"collection":[{"href":"https:\/\/blogs.correiobraziliense.com.br\/vicente\/wp-json\/wp\/v2\/posts"}],"about":[{"href":"https:\/\/blogs.correiobraziliense.com.br\/vicente\/wp-json\/wp\/v2\/types\/post"}],"author":[{"embeddable":true,"href":"https:\/\/blogs.correiobraziliense.com.br\/vicente\/wp-json\/wp\/v2\/users\/22"}],"replies":[{"embeddable":true,"href":"https:\/\/blogs.correiobraziliense.com.br\/vicente\/wp-json\/wp\/v2\/comments?post=5270"}],"version-history":[{"count":1,"href":"https:\/\/blogs.correiobraziliense.com.br\/vicente\/wp-json\/wp\/v2\/posts\/5270\/revisions"}],"predecessor-version":[{"id":5271,"href":"https:\/\/blogs.correiobraziliense.com.br\/vicente\/wp-json\/wp\/v2\/posts\/5270\/revisions\/5271"}],"wp:attachment":[{"href":"https:\/\/blogs.correiobraziliense.com.br\/vicente\/wp-json\/wp\/v2\/media?parent=5270"}],"wp:term":[{"taxonomy":"category","embeddable":true,"href":"https:\/\/blogs.correiobraziliense.com.br\/vicente\/wp-json\/wp\/v2\/categories?post=5270"},{"taxonomy":"post_tag","embeddable":true,"href":"https:\/\/blogs.correiobraziliense.com.br\/vicente\/wp-json\/wp\/v2\/tags?post=5270"}],"curies":[{"name":"wp","href":"https:\/\/api.w.org\/{rel}","templated":true}]}}