{"id":5263,"date":"2017-07-10T19:10:09","date_gmt":"2017-07-10T22:10:09","guid":{"rendered":"https:\/\/blogs.correiobraziliense.com.br\/vicente\/?p=5263"},"modified":"2017-07-10T20:24:50","modified_gmt":"2017-07-10T23:24:50","slug":"presidente-do-inss-diz-que-sem-dinheiro-inss-para-ate-o-fim-do-ano","status":"publish","type":"post","link":"https:\/\/blogs.correiobraziliense.com.br\/vicente\/presidente-do-inss-diz-que-sem-dinheiro-inss-para-ate-o-fim-do-ano\/","title":{"rendered":"Presidente do INSS diz que, sem dinheiro, servi\u00e7os param at\u00e9 o fim do ano"},"content":{"rendered":"<h2>MARLLA SABINO<\/h2>\n<h2><\/h2>\n<h2>O presidente do Instituto Nacional do Seguro Social (INSS), Leonardo Gadelha, afirmou ao <strong>Blog<\/strong> que o dinheiro dispon\u00edvel hoje no caixa do \u00f3rg\u00e3o n\u00e3o \u00e9 suficiente para manter o pleno funcionamento das ag\u00eancias de atendimento a aposentados e pensionistas at\u00e9 o fim do ano. Caso o Minist\u00e9rio do Planejamento n\u00e3o libere mais verbas, o sistema de atendimento do INSS entrar\u00e1 em colapso. \u201cTemos conversado com o Planejamento e eles sinalizaram que haver\u00e1 descontingenciamento do Or\u00e7amento no momento adequado\u201d, disse.<\/h2>\n<p>&nbsp;<\/p>\n<p>Sem condi\u00e7\u00f5es de cumprir a meta fiscal deste ano, de deficit de at\u00e9 R$ 139 bilh\u00f5es, o governo foi obrigado a cortar o Or\u00e7amento em R$ 39 bilh\u00f5es. A tesoura atingiu todo o governo, indiscriminadamente. No caso do INSS, houve redu\u00e7\u00e3o de 40% dos recursos dispon\u00edveis para o funcionamento das ag\u00eancias.<\/p>\n<p>&nbsp;<\/p>\n<p>Caso n\u00e3o haja o repasse de recursos extras ao INSS, o hor\u00e1rio de atendimento a trabalhadores, aposentados e pensionistas poder\u00e1 ser reestruturado, em uma primeira tentativa de controlar a situa\u00e7\u00e3o. Depois, se nada for feito, ser\u00e1 anunciado o fechamento de postos menos procurados, remanejando os atendimentos. Numa situa\u00e7\u00e3o extrema, postos ser\u00e3o fechados.<\/p>\n<p>&nbsp;<\/p>\n<p>Os problemas or\u00e7ament\u00e1rias do INSS afetam aposentados e pensionistas, que esperam em longas filas para conseguir atendimento. Em Bras\u00edlia, as pessoas passam mais de duas horas em uma fila apenas para pegar uma senha. Gadelha reconheceu os problemas e disse que \u00e9 de conhecimento do INSS a realidade dos postos. \u201cAo longo dos \u00faltimos anos, tivemos uma perda significativa de servidores ao mesmo tempo que houve aumento da demanda\u201d, justificou.<\/p>\n<p>&nbsp;<\/p>\n<p>De acordo com o presidente do INSS, est\u00e1 sendo testado um modelo digital, no qual a pessoa pode submeter o requerimento de aposentadoria e pens\u00e3o pela internet. \u201cA expectativa \u00e9 de que o sistema diminua os custos que temos hoje. Nesse caso, n\u00e3o precisamos de or\u00e7amento para expandir o sistema para todo o Brasil, estamos fazendo com o que temos hoje\u201d, afirmou.<\/p>\n<p>&nbsp;<\/p>\n<p><em>Bras\u00edlia, 19h10min<\/em><\/p>\n","protected":false},"excerpt":{"rendered":"<p>MARLLA SABINO O presidente do Instituto Nacional do Seguro Social (INSS), Leonardo Gadelha, afirmou ao Blog que o dinheiro dispon\u00edvel hoje no caixa do \u00f3rg\u00e3o n\u00e3o \u00e9 suficiente para manter o pleno funcionamento das ag\u00eancias de atendimento a aposentados e pensionistas at\u00e9 o fim do ano. Caso o Minist\u00e9rio do Planejamento n\u00e3o libere mais verbas, [&hellip;]<\/p>\n","protected":false},"author":22,"featured_media":0,"comment_status":"open","ping_status":"closed","sticky":false,"template":"","format":"standard","meta":{"footnotes":""},"categories":[600],"tags":[13,452,76,2385,2384,408,2386,549],"class_list":["post-5263","post","type-post","status-publish","format-standard","hentry","category-economia","tag-ajuste-fiscal","tag-atendimento","tag-deficit","tag-dinheiro","tag-falta","tag-inss","tag-leonardo-gadelha","tag-orcamento"],"_links":{"self":[{"href":"https:\/\/blogs.correiobraziliense.com.br\/vicente\/wp-json\/wp\/v2\/posts\/5263","targetHints":{"allow":["GET"]}}],"collection":[{"href":"https:\/\/blogs.correiobraziliense.com.br\/vicente\/wp-json\/wp\/v2\/posts"}],"about":[{"href":"https:\/\/blogs.correiobraziliense.com.br\/vicente\/wp-json\/wp\/v2\/types\/post"}],"author":[{"embeddable":true,"href":"https:\/\/blogs.correiobraziliense.com.br\/vicente\/wp-json\/wp\/v2\/users\/22"}],"replies":[{"embeddable":true,"href":"https:\/\/blogs.correiobraziliense.com.br\/vicente\/wp-json\/wp\/v2\/comments?post=5263"}],"version-history":[{"count":2,"href":"https:\/\/blogs.correiobraziliense.com.br\/vicente\/wp-json\/wp\/v2\/posts\/5263\/revisions"}],"predecessor-version":[{"id":5265,"href":"https:\/\/blogs.correiobraziliense.com.br\/vicente\/wp-json\/wp\/v2\/posts\/5263\/revisions\/5265"}],"wp:attachment":[{"href":"https:\/\/blogs.correiobraziliense.com.br\/vicente\/wp-json\/wp\/v2\/media?parent=5263"}],"wp:term":[{"taxonomy":"category","embeddable":true,"href":"https:\/\/blogs.correiobraziliense.com.br\/vicente\/wp-json\/wp\/v2\/categories?post=5263"},{"taxonomy":"post_tag","embeddable":true,"href":"https:\/\/blogs.correiobraziliense.com.br\/vicente\/wp-json\/wp\/v2\/tags?post=5263"}],"curies":[{"name":"wp","href":"https:\/\/api.w.org\/{rel}","templated":true}]}}