{"id":5259,"date":"2017-07-08T06:27:22","date_gmt":"2017-07-08T09:27:22","guid":{"rendered":"https:\/\/blogs.correiobraziliense.com.br\/vicente\/?p=5259"},"modified":"2017-07-08T12:31:17","modified_gmt":"2017-07-08T15:31:17","slug":"coluna-no-correio-temer-esta-caindo-de-podre","status":"publish","type":"post","link":"https:\/\/blogs.correiobraziliense.com.br\/vicente\/coluna-no-correio-temer-esta-caindo-de-podre\/","title":{"rendered":"Coluna no Correio: Temer est\u00e1 caindo de podre"},"content":{"rendered":"<h2>O Brasil pode atingir um feito nada abonador. A prevalecer o que j\u00e1 est\u00e1 acertado entre os caciques dos principais partidos do Congresso \u2014 a troca de Michel Temer por Rodrigo Maia \u2014, em pouco mais de um ano, o pa\u00eds ter\u00e1 empossado seu terceiro presidente. Essa alta rotatividade no cargo mais alto do governo explicita o quanto o nosso sistema pol\u00edtico est\u00e1 falido. Por mais que vozes se levantem dizendo que todo o processo de troca de presidentes est\u00e1 seguindo os tr\u00e2mites previstos na Constitui\u00e7\u00e3o, tudo leva a crer que caminhamos r\u00e1pido para a beira do precip\u00edcio.<\/h2>\n<p>&nbsp;<\/p>\n<p>N\u00e3o por acaso, a popula\u00e7\u00e3o est\u00e1 descrente do modelo tradicional de se fazer pol\u00edtica. Tudo o que as pessoas veem pela frente \u00e9 corrup\u00e7\u00e3o e roubalheira. A vis\u00e3o popular \u00e9 de que os pol\u00edticos est\u00e3o mais preocupados em garantir seus nacos no poder mesmo que, para isso, seja preciso apear do governo aqueles de quem, at\u00e9 bem pouco tempo, eram aliados de primeira hora. \u00c9 o que se v\u00ea com Temer. Enquanto ele se mostrou \u00fatil para os interesses das bancadas que lhe davam suporte no Congresso, manteve uma for\u00e7a incontest\u00e1vel. Mas, ao ser atingindo em cheio por den\u00fancias de corrup\u00e7\u00e3o, foi abandonado.<\/p>\n<p>&nbsp;<\/p>\n<p>A fragilidade de Temer \u00e9 tamanha que, mesmo no seu entorno, j\u00e1 come\u00e7ou a contagem regressiva para que ele seja deposto. O primeiro passo para a chegada de Rodrigo Maia \u00e0 Presid\u00eancia da Rep\u00fablica deve ser dado na Comiss\u00e3o de Constitui\u00e7\u00e3o e Justi\u00e7a (CCJ), com a poss\u00edvel aprova\u00e7\u00e3o da den\u00fancia contra o presidente feita pela Procuradoria-Geral da Rep\u00fablica. O peemedebista \u00e9 acusado de corrup\u00e7\u00e3o passiva. Poucos no Pal\u00e1cio do Planalto acreditam que ele conseguir\u00e1 evitar uma derrota. Temer est\u00e1 cada vez mais parecido com Dilma Rousseff \u00e0s v\u00e9speras de ela cair.<\/p>\n<p>&nbsp;<br \/>\nA constata\u00e7\u00e3o do derretimento de Temer pode ser medida pela quantidade de dinheiro liberada pelo Planalto para garantir apoio no Congresso. Em junho, pelo menos R$ 1,8 bilh\u00e3o foi empenhado em emendas parlamentares, quase 20 vezes o comprometido no acumulado dos cinco meses anteriores. Ou seja, em vez de manter aliados na base do governo, a montanha de verbas foi acompanhada de uma debandada de pol\u00edticos, inclusive de integrantes do partido do presidente, o PMDB. N\u00e3o h\u00e1 libera\u00e7\u00e3o de emenda que garanta apoio a algu\u00e9m que est\u00e1 caindo de podre. Dilma provou desse veneno.<\/p>\n<p>&nbsp;<\/p>\n<p><strong>Donos do dinheiro<\/strong><\/p>\n<p>&nbsp;<\/p>\n<p>No mercado financeiro, o pragmatismo tamb\u00e9m fala mais alto. Nos \u00faltimos dias, assessores de Temer mantiveram intensos contatos com investidores para medir at\u00e9 que ponto vai o apoio ao governo. A constata\u00e7\u00e3o foi clara. O peemedebista praticamente virou carta fora do baralho. Os donos do dinheiro s\u00f3 querem saber quando Maia tomar\u00e1 posse e qual ser\u00e1 o time que comandar\u00e1 o pa\u00eds. Bancos e corretoras querem tirar do presidente da C\u00e2mara dos Deputados o compromisso de que manter\u00e1 Henrique Meirelles \u00e0 frente do Minist\u00e9rio da Fazenda e de que tocar\u00e1 as reformas, especialmente a da Previd\u00eancia.<\/p>\n<p>&nbsp;<\/p>\n<p>Maia, inclusive, j\u00e1 foi procurado por v\u00e1rios pesos-pesados do mercado. Os donos do dinheiro querem garantir uma transi\u00e7\u00e3o tranquila at\u00e9 o fim de 2018 e evitar que o v\u00e1cuo pol\u00edtico de hoje seja ocupado pelo PT ou por algu\u00e9m de extrema direita, como o deputado Jair Bolsonaro. \u201cA sa\u00edda de Temer j\u00e1 n\u00e3o nos preocupa mais. O que realmente importa \u00e9 saber se o seu sucessor ter\u00e1 for\u00e7a suficiente para manter o pa\u00eds na linha e fazer as reformas necess\u00e1rias. At\u00e9 agora, todos os sinais que Maia nos deu \u00e9 de que, caso empossado, vai trabalhar pela unidade do pa\u00eds e para corrigir distor\u00e7\u00f5es no sistema de aposentadoria\u201d, diz um banqueiro. \u201c\u00c9 o que temos para o momento. Ningu\u00e9m aguenta mais a sangria de Temer\u201d, acrescenta.<\/p>\n<p>&nbsp;<\/p>\n<p>Entre os investidores, ningu\u00e9m aposta em uma onda de p\u00e2nico nos mercados nos pr\u00f3ximos dias. \u201cA sa\u00edda de Temer j\u00e1 est\u00e1 precificada. Daqui por diante, a bolsa de valores e o d\u00f3lar ser\u00e3o movidos pelas declara\u00e7\u00f5es de Rodrigo Maia. Ele se tornou o centro das aten\u00e7\u00f5es do mercado\u201d, assinala um executivo de um banco estrangeiro. Para ele, demorou um pouco para os investidores absorverem a possibilidade de mais uma mudan\u00e7a de governo. \u201cOs fatos, contudo, se impuseram. Podem acreditar: com Temer cambaleante, o tiroteio sobre ele vai aumentar muito. Ele n\u00e3o resistir\u00e1\u201d, acrescenta.<\/p>\n<p>&nbsp;<\/p>\n<p>Resta saber como o presidente se comportar\u00e1 at\u00e9 que chegue o ato final. Por enquanto, ele tem mantido a sobriedade na economia. Todas as iniciativas populistas do governo foram abortadas. A infla\u00e7\u00e3o est\u00e1 sob controle, a atividade, mesmo fraca, d\u00e1 sinais de que est\u00e1 respirando sem aparelhos, o desemprego parou de piorar e os juros continuar\u00e3o em queda. Se essa rota for mantida, como diz um dos mais respeitados gestores de recursos do pa\u00eds, Temer j\u00e1 ir\u00e1 tarde.<\/p>\n<p>&nbsp;<\/p>\n<p><em>Bras\u00edlia, 06h27min<\/em><\/p>\n","protected":false},"excerpt":{"rendered":"<p>O Brasil pode atingir um feito nada abonador. A prevalecer o que j\u00e1 est\u00e1 acertado entre os caciques dos principais partidos do Congresso \u2014 a troca de Michel Temer por Rodrigo Maia \u2014, em pouco mais de um ano, o pa\u00eds ter\u00e1 empossado seu terceiro presidente. Essa alta rotatividade no cargo mais alto do governo [&hellip;]<\/p>\n","protected":false},"author":22,"featured_media":0,"comment_status":"open","ping_status":"closed","sticky":false,"template":"","format":"standard","meta":{"footnotes":""},"categories":[600],"tags":[11,199,111,846,656],"class_list":["post-5259","post","type-post","status-publish","format-standard","hentry","category-economia","tag-dilma-rousseff","tag-investidores","tag-michel-temer","tag-presidencia-da-republica","tag-rodrigo-maia"],"_links":{"self":[{"href":"https:\/\/blogs.correiobraziliense.com.br\/vicente\/wp-json\/wp\/v2\/posts\/5259","targetHints":{"allow":["GET"]}}],"collection":[{"href":"https:\/\/blogs.correiobraziliense.com.br\/vicente\/wp-json\/wp\/v2\/posts"}],"about":[{"href":"https:\/\/blogs.correiobraziliense.com.br\/vicente\/wp-json\/wp\/v2\/types\/post"}],"author":[{"embeddable":true,"href":"https:\/\/blogs.correiobraziliense.com.br\/vicente\/wp-json\/wp\/v2\/users\/22"}],"replies":[{"embeddable":true,"href":"https:\/\/blogs.correiobraziliense.com.br\/vicente\/wp-json\/wp\/v2\/comments?post=5259"}],"version-history":[{"count":1,"href":"https:\/\/blogs.correiobraziliense.com.br\/vicente\/wp-json\/wp\/v2\/posts\/5259\/revisions"}],"predecessor-version":[{"id":5260,"href":"https:\/\/blogs.correiobraziliense.com.br\/vicente\/wp-json\/wp\/v2\/posts\/5259\/revisions\/5260"}],"wp:attachment":[{"href":"https:\/\/blogs.correiobraziliense.com.br\/vicente\/wp-json\/wp\/v2\/media?parent=5259"}],"wp:term":[{"taxonomy":"category","embeddable":true,"href":"https:\/\/blogs.correiobraziliense.com.br\/vicente\/wp-json\/wp\/v2\/categories?post=5259"},{"taxonomy":"post_tag","embeddable":true,"href":"https:\/\/blogs.correiobraziliense.com.br\/vicente\/wp-json\/wp\/v2\/tags?post=5259"}],"curies":[{"name":"wp","href":"https:\/\/api.w.org\/{rel}","templated":true}]}}