{"id":5256,"date":"2017-07-07T13:26:31","date_gmt":"2017-07-07T16:26:31","guid":{"rendered":"https:\/\/blogs.correiobraziliense.com.br\/vicente\/?p=5256"},"modified":"2017-07-07T15:49:10","modified_gmt":"2017-07-07T18:49:10","slug":"planalto-faz-consulta-investidores-e-ouve-sim-para-maia-no-lugar-de-temer","status":"publish","type":"post","link":"https:\/\/blogs.correiobraziliense.com.br\/vicente\/planalto-faz-consulta-investidores-e-ouve-sim-para-maia-no-lugar-de-temer\/","title":{"rendered":"Planalto faz consulta a investidores e ouve sim para Maia no lugar de Temer"},"content":{"rendered":"<h2>Assessores do presidente Michel Temer sa\u00edram a campo para ouvir integrantes do mercado financeiro sobre uma poss\u00edvel substitui\u00e7\u00e3o do peemedebista pelo presidente da C\u00e2mara, Rodrigo Maia. De todos os interlocutores, ouviram que Maia ser\u00e1 muito bem recebido pelo capital, desde, \u00e9 claro, que mantenha a equipe econ\u00f4mica e o compromisso com as reformas.<\/h2>\n<p>&nbsp;<\/p>\n<p>Os investidores fizeram quest\u00e3o de ressaltar, nas conversas, que o melhor seria Temer n\u00e3o criar dificuldades para a troca de comando do pa\u00eds e fazer uma transi\u00e7\u00e3o tranquila, de forma a passar seguran\u00e7a aos agentes econ\u00f4micos. Assessores de Temer tiveram que ouvir, textualmente, que o tempo de Temer j\u00e1 se esgotou.<\/p>\n<p>&nbsp;<\/p>\n<p>O mercado acredita, inclusive, que a troca de governo se dar\u00e1, sem traumas, nos pr\u00f3ximos 30 dias. Inclusive, interlocutores de bancos e corretoras percorreram o Congresso nos \u00faltimos dias e perceberam que est\u00e1 tudo praticamente acertado entre os caciques dos principais partidos da base do governo para que Temer saia e Maia assuma o comando do pa\u00eds.<\/p>\n<p>&nbsp;<\/p>\n<p>O \u00fanico passo que est\u00e1 faltando para que a troca de Temer por Maia seja sacramentada \u00e9 a posi\u00e7\u00e3o do Centr\u00e3o, formado por partidos extremamente conservadores e fisiol\u00f3gicos. Mas, dentro desses partidos, mesmos os que ainda se dizem com Temer j\u00e1 admitem que o peemedebista perdeu a capacidade de governar.<\/p>\n<p>&nbsp;<\/p>\n<p>Da Alemanha, onde participa da reuni\u00e3o do G20, Temer j\u00e1 mandou sinais de que est\u00e1 ciente de todo o acerto para lhe tirar o comando do pa\u00eds. Mas promete resistir. O problema, ressaltam os articuladores do projeto para levar Rodrigo Mais \u00e0 Presid\u00eancia da Rep\u00fablica, \u00e9 que Temer n\u00e3o tem mais apoio. Isso, no entender deles, ficar\u00e1 claro durante da vota\u00e7\u00e3o, na Comiss\u00e3o de Constitui\u00e7\u00e3o e Justi\u00e7a (CCJ) da C\u00e2mara. Haver\u00e1 votos suficiente para a abertura de processo contra o peemedebista por corrup\u00e7\u00e3o passiva.<\/p>\n<p>&nbsp;<\/p>\n<p>Dentro do Planalto, a avalia\u00e7\u00e3o \u00e9 de que o mercado financeiro est\u00e1 sendo pragm\u00e1tico. N\u00e3o acredita mais em Temer para tocar o pa\u00eds e fazer as reformas. O apoio ao presidente durante o processo de impeachment de Dilma Rousseff se esvaiu por completo. Agora, \u00e9 acreditar que Maia ser\u00e1 capaz de fazer uma transi\u00e7\u00e3o tranquila at\u00e9 2018.<\/p>\n<p>&nbsp;<\/p>\n<p><em>Bras\u00edlia, \u00a013h26min<\/em><\/p>\n","protected":false},"excerpt":{"rendered":"<p>Assessores do presidente Michel Temer sa\u00edram a campo para ouvir integrantes do mercado financeiro sobre uma poss\u00edvel substitui\u00e7\u00e3o do peemedebista pelo presidente da C\u00e2mara, Rodrigo Maia. De todos os interlocutores, ouviram que Maia ser\u00e1 muito bem recebido pelo capital, desde, \u00e9 claro, que mantenha a equipe econ\u00f4mica e o compromisso com as reformas. &nbsp; Os [&hellip;]<\/p>\n","protected":false},"author":22,"featured_media":0,"comment_status":"open","ping_status":"closed","sticky":false,"template":"","format":"standard","meta":{"footnotes":""},"categories":[600],"tags":[467,111,846,656,848],"class_list":["post-5256","post","type-post","status-publish","format-standard","hentry","category-economia","tag-governo","tag-michel-temer","tag-presidencia-da-republica","tag-rodrigo-maia","tag-troca"],"_links":{"self":[{"href":"https:\/\/blogs.correiobraziliense.com.br\/vicente\/wp-json\/wp\/v2\/posts\/5256","targetHints":{"allow":["GET"]}}],"collection":[{"href":"https:\/\/blogs.correiobraziliense.com.br\/vicente\/wp-json\/wp\/v2\/posts"}],"about":[{"href":"https:\/\/blogs.correiobraziliense.com.br\/vicente\/wp-json\/wp\/v2\/types\/post"}],"author":[{"embeddable":true,"href":"https:\/\/blogs.correiobraziliense.com.br\/vicente\/wp-json\/wp\/v2\/users\/22"}],"replies":[{"embeddable":true,"href":"https:\/\/blogs.correiobraziliense.com.br\/vicente\/wp-json\/wp\/v2\/comments?post=5256"}],"version-history":[{"count":1,"href":"https:\/\/blogs.correiobraziliense.com.br\/vicente\/wp-json\/wp\/v2\/posts\/5256\/revisions"}],"predecessor-version":[{"id":5257,"href":"https:\/\/blogs.correiobraziliense.com.br\/vicente\/wp-json\/wp\/v2\/posts\/5256\/revisions\/5257"}],"wp:attachment":[{"href":"https:\/\/blogs.correiobraziliense.com.br\/vicente\/wp-json\/wp\/v2\/media?parent=5256"}],"wp:term":[{"taxonomy":"category","embeddable":true,"href":"https:\/\/blogs.correiobraziliense.com.br\/vicente\/wp-json\/wp\/v2\/categories?post=5256"},{"taxonomy":"post_tag","embeddable":true,"href":"https:\/\/blogs.correiobraziliense.com.br\/vicente\/wp-json\/wp\/v2\/tags?post=5256"}],"curies":[{"name":"wp","href":"https:\/\/api.w.org\/{rel}","templated":true}]}}