{"id":5254,"date":"2017-07-07T11:44:53","date_gmt":"2017-07-07T14:44:53","guid":{"rendered":"https:\/\/blogs.correiobraziliense.com.br\/vicente\/?p=5254"},"modified":"2017-07-07T11:46:22","modified_gmt":"2017-07-07T14:46:22","slug":"coluna-no-correio-comercio-da-sinais-de-recuperacao","status":"publish","type":"post","link":"https:\/\/blogs.correiobraziliense.com.br\/vicente\/coluna-no-correio-comercio-da-sinais-de-recuperacao\/","title":{"rendered":"Coluna no Correio: Com\u00e9rcio d\u00e1 sinais de recupera\u00e7\u00e3o"},"content":{"rendered":"<h2>ANTONIO TEM\u00d3TEO<\/h2>\n<h2><\/h2>\n<h2>A profunda crise econ\u00f4mica imp\u00f4s ao com\u00e9rcio dois anos seguidos de retra\u00e7\u00e3o, fechamento de lojas e queda do n\u00famero de postos de trabalho. Mas o processo de corte de juros e a queda da infla\u00e7\u00e3o podem levar o setor a reduzir o ritmo de preju\u00edzos acumulados. O primeiro indicador de que os varejistas chegaram ao fundo do po\u00e7o \u00e9 a desacelera\u00e7\u00e3o do ritmo de estabelecimentos que deixaram de funcionar. No primeiro trimestre ,9,9 mil pontos de venda encerraram as atividades, n\u00famero 73,3% menor do que o registrado no mesmo per\u00edodo de 2016.<\/h2>\n<p>&nbsp;<\/p>\n<p>Entre janeiro e mar\u00e7o do ano passado, 37,1 mil lojas foram fechadas. A \u00faltima vez que o setor abriu mais pontos de vendas do que encerrou a atividade foi em 2014. Naquele ano, 2 mil estabelecimentos passaram a funcionar a mais do que os que cerraram as portas. Os dados fazem parte de levantamento realizado pela Confedera\u00e7\u00e3o Nacional do Com\u00e9rcio de Bens, Servi\u00e7os e Turismo (CNC). \u201cO varejo passa por uma transi\u00e7\u00e3o. H\u00e1 n\u00fameros positivos e negativos se intercalando, enquanto que no ano passado, por exemplo, estava tudo no vermelho\u201d, afirmou Fabio Bentes, economista da entidade.<\/p>\n<p>&nbsp;<\/p>\n<p>Para 2017, a expectativa de Bentes \u00e9 de que o resultado entre o fechamento e a abertura de lojas seja igual a zero. Al\u00e9m disso, o economista estima que at\u00e9 3 mil vagas de emprego sejam geradas pelo com\u00e9rcio. No ano passado, por exemplo, 177 mil trabalhadores do setor varejista foram dispensados. A CNC estima que as vendas ao longo do ano registraram t\u00edmida expans\u00e3o de 1,2%, impulsionadas, sobretudo, pelo crescimento de at\u00e9 3% das vendas no Natal, principal data para o segmento. No ano passado, nesse per\u00edodo, a retra\u00e7\u00e3o chegou a 4,9%.<\/p>\n<p>&nbsp;<\/p>\n<p>O economista avalia que, com a relativa estabilidade do c\u00e2mbio, as importa\u00e7\u00f5es de produtos crescer\u00e3o e favorecer\u00e3o as vendas de Natal. \u201cA receita de bolo \u00e9 bem mais favor\u00e1vel no segundo semestre deste ano\u201d, disse Bentes. Para ele, a queda da infla\u00e7\u00e3o, a estabilidade cambial, a retomada dos empregos e o corte dos juros contribuir\u00e3o para esse processo.<\/p>\n<p>&nbsp;<\/p>\n<p><strong>Modera\u00e7\u00e3o<\/strong><\/p>\n<p>&nbsp;<\/p>\n<p>O ritmo de recupera\u00e7\u00e3o da atividade econ\u00f4mica como um todo ser\u00e1 determinado pela \u201c\u00e2ncora pol\u00edtica\u201d, avalia o ex-diretor do Banco Central (BC) e chefe da divis\u00e3o econ\u00f4mica da CNC, Carlos Thadeu de Freitas Gomes. Ele ressalta que a indica\u00e7\u00e3o de que o pr\u00f3ximo presidente da Rep\u00fablica, seja quem for, manter\u00e1 o compromisso com as reformas a partir de 2019 garantir\u00e1 estabilidade para que o pa\u00eds volte a crescer. Gomes comenta que a abund\u00e2ncia de liquidez internacional e a queda no pre\u00e7o das commodities favoreceram o processo de desinfla\u00e7\u00e3o da economia e mant\u00eam o d\u00f3lar est\u00e1vel.<\/p>\n<p>&nbsp;<\/p>\n<p>O economista ressalta que mesmo com a piora nas estimativas para o crescimento econ\u00f4mico, que estavam em 1% no in\u00edcio do ano e agora est\u00e3o perto de zero, o ambiente \u00e9 deflacion\u00e1rio. \u201cO crescimento em 2018 est\u00e1 contratado com ou sem reforma da Previd\u00eancia e n\u00e3o existem amea\u00e7as para a infla\u00e7\u00e3o que levariam o BC a reduzir o processo de queda de juros\u201d, diz. Nas contas dele, a taxa b\u00e1sica de juros (Selic) deve encerrar o ano em 8% e chegar a 7% em 2018.<\/p>\n<p>&nbsp;<\/p>\n<p>As \u00fanicas fontes de press\u00e3o para esse processo, ressalta Gomes, seriam uma alta de juros nos Estados Unidos ou um processo de forte desacelera\u00e7\u00e3o da economia chinesa. Entretanto, nenhuma das possibilidades deve se materializar. Diante desse cen\u00e1rio, o economista-chefe da CNC estima que a economia pode crescer 2% no pr\u00f3ximo ano e a infla\u00e7\u00e3o se manter\u00e1 abaixo do teto da meta, de 4,5%, em 3,8%. \u201cPrecisamos de mais cr\u00e9dito para o com\u00e9rcio. Sem isso, o setor morre. Por isso \u00e9 importante a queda de juros\u201d, afirma.<\/p>\n","protected":false},"excerpt":{"rendered":"<p>ANTONIO TEM\u00d3TEO A profunda crise econ\u00f4mica imp\u00f4s ao com\u00e9rcio dois anos seguidos de retra\u00e7\u00e3o, fechamento de lojas e queda do n\u00famero de postos de trabalho. Mas o processo de corte de juros e a queda da infla\u00e7\u00e3o podem levar o setor a reduzir o ritmo de preju\u00edzos acumulados. O primeiro indicador de que os varejistas [&hellip;]<\/p>\n","protected":false},"author":22,"featured_media":0,"comment_status":"open","ping_status":"closed","sticky":false,"template":"","format":"standard","meta":{"footnotes":""},"categories":[600],"tags":[96,334,1342],"class_list":["post-5254","post","type-post","status-publish","format-standard","hentry","category-economia","tag-carlos-thadeu-de-freitas-gomes","tag-comercio","tag-varejo"],"_links":{"self":[{"href":"https:\/\/blogs.correiobraziliense.com.br\/vicente\/wp-json\/wp\/v2\/posts\/5254","targetHints":{"allow":["GET"]}}],"collection":[{"href":"https:\/\/blogs.correiobraziliense.com.br\/vicente\/wp-json\/wp\/v2\/posts"}],"about":[{"href":"https:\/\/blogs.correiobraziliense.com.br\/vicente\/wp-json\/wp\/v2\/types\/post"}],"author":[{"embeddable":true,"href":"https:\/\/blogs.correiobraziliense.com.br\/vicente\/wp-json\/wp\/v2\/users\/22"}],"replies":[{"embeddable":true,"href":"https:\/\/blogs.correiobraziliense.com.br\/vicente\/wp-json\/wp\/v2\/comments?post=5254"}],"version-history":[{"count":1,"href":"https:\/\/blogs.correiobraziliense.com.br\/vicente\/wp-json\/wp\/v2\/posts\/5254\/revisions"}],"predecessor-version":[{"id":5255,"href":"https:\/\/blogs.correiobraziliense.com.br\/vicente\/wp-json\/wp\/v2\/posts\/5254\/revisions\/5255"}],"wp:attachment":[{"href":"https:\/\/blogs.correiobraziliense.com.br\/vicente\/wp-json\/wp\/v2\/media?parent=5254"}],"wp:term":[{"taxonomy":"category","embeddable":true,"href":"https:\/\/blogs.correiobraziliense.com.br\/vicente\/wp-json\/wp\/v2\/categories?post=5254"},{"taxonomy":"post_tag","embeddable":true,"href":"https:\/\/blogs.correiobraziliense.com.br\/vicente\/wp-json\/wp\/v2\/tags?post=5254"}],"curies":[{"name":"wp","href":"https:\/\/api.w.org\/{rel}","templated":true}]}}