{"id":5252,"date":"2017-07-06T16:11:06","date_gmt":"2017-07-06T19:11:06","guid":{"rendered":"https:\/\/blogs.correiobraziliense.com.br\/vicente\/?p=5252"},"modified":"2017-07-06T16:11:06","modified_gmt":"2017-07-06T19:11:06","slug":"visita-de-diretores-do-bc-nao-sensibilizou-mpf","status":"publish","type":"post","link":"https:\/\/blogs.correiobraziliense.com.br\/vicente\/visita-de-diretores-do-bc-nao-sensibilizou-mpf\/","title":{"rendered":"Visita de diretores do BC n\u00e3o sensibilizou MPF"},"content":{"rendered":"<p>POR ANTONIO TEM\u00d3TEO<\/p>\n<p>&nbsp;<\/p>\n<p>Uma comitiva com dois diretores, al\u00e9m do procurador-geral do Banco Central (BC) n\u00e3o foi capaz de sensibilizar o Minist\u00e9rio P\u00fablico Federal (MPF) em rela\u00e7\u00e3o a Medida Provis\u00f3ria (MP) 784 de 2017. O texto autoriza o BC e a CVM \u00a0a celebrar acordos de leni\u00eancia em casos de infra\u00e7\u00e3o administrativa.<\/p>\n<p>&nbsp;<\/p>\n<p>Em 23 de junho,\u00a0\u00a0Os os diretores Sidnei Correa Marques e Isaac Sidney, al\u00e9m do Procurador-Geral Cristiano Cozer, participaram de reuni\u00e3o com integrantes da for\u00e7a-tarefa da Opera\u00e7\u00e3o Lava-Jato, em Curitiba (PR) para tratar do assunto.<\/p>\n<p>&nbsp;<\/p>\n<p>A visita ocorreu ap\u00f3s v\u00e1rios procuradores se manifestarem de maneira contr\u00e1ria o texto da MP. Muitos declaram que o texto \u00e9 inconstitucional e pode inviabilizar investiga\u00e7\u00f5es em curso.\u00a0s procuradores Deltan Dallagnol, Carlos Fernando dos Santos Lima, Roberson Pozzobon e Athayde Ribeiro Costa participaram do encontro.<\/p>\n<p>&nbsp;<\/p>\n<p>Ap\u00f3s divulga\u00e7\u00e3o de nota t\u00e9cnica do MPF que considera a MP inconstitucional ficou claro que a visita dos diretores do BC n\u00e3o teve \u00eaxito em sensibilizar os procuradores.<\/p>\n<p>&nbsp;<\/p>\n<p>&nbsp;<\/p>\n<p>&nbsp;<\/p>\n<p>&nbsp;<\/p>\n","protected":false},"excerpt":{"rendered":"<p>POR ANTONIO TEM\u00d3TEO &nbsp; Uma comitiva com dois diretores, al\u00e9m do procurador-geral do Banco Central (BC) n\u00e3o foi capaz de sensibilizar o Minist\u00e9rio P\u00fablico Federal (MPF) em rela\u00e7\u00e3o a Medida Provis\u00f3ria (MP) 784 de 2017. O texto autoriza o BC e a CVM \u00a0a celebrar acordos de leni\u00eancia em casos de infra\u00e7\u00e3o administrativa. &nbsp; Em [&hellip;]<\/p>\n","protected":false},"author":22,"featured_media":0,"comment_status":"open","ping_status":"closed","sticky":false,"template":"","format":"standard","meta":{"footnotes":""},"categories":[600],"tags":[2383,106,2222,41,1400],"class_list":["post-5252","post","type-post","status-publish","format-standard","hentry","category-economia","tag-acordos-de-liniencia","tag-bc","tag-curitiba","tag-lava-jato","tag-mpf"],"_links":{"self":[{"href":"https:\/\/blogs.correiobraziliense.com.br\/vicente\/wp-json\/wp\/v2\/posts\/5252","targetHints":{"allow":["GET"]}}],"collection":[{"href":"https:\/\/blogs.correiobraziliense.com.br\/vicente\/wp-json\/wp\/v2\/posts"}],"about":[{"href":"https:\/\/blogs.correiobraziliense.com.br\/vicente\/wp-json\/wp\/v2\/types\/post"}],"author":[{"embeddable":true,"href":"https:\/\/blogs.correiobraziliense.com.br\/vicente\/wp-json\/wp\/v2\/users\/22"}],"replies":[{"embeddable":true,"href":"https:\/\/blogs.correiobraziliense.com.br\/vicente\/wp-json\/wp\/v2\/comments?post=5252"}],"version-history":[{"count":1,"href":"https:\/\/blogs.correiobraziliense.com.br\/vicente\/wp-json\/wp\/v2\/posts\/5252\/revisions"}],"predecessor-version":[{"id":5253,"href":"https:\/\/blogs.correiobraziliense.com.br\/vicente\/wp-json\/wp\/v2\/posts\/5252\/revisions\/5253"}],"wp:attachment":[{"href":"https:\/\/blogs.correiobraziliense.com.br\/vicente\/wp-json\/wp\/v2\/media?parent=5252"}],"wp:term":[{"taxonomy":"category","embeddable":true,"href":"https:\/\/blogs.correiobraziliense.com.br\/vicente\/wp-json\/wp\/v2\/categories?post=5252"},{"taxonomy":"post_tag","embeddable":true,"href":"https:\/\/blogs.correiobraziliense.com.br\/vicente\/wp-json\/wp\/v2\/tags?post=5252"}],"curies":[{"name":"wp","href":"https:\/\/api.w.org\/{rel}","templated":true}]}}