{"id":5246,"date":"2017-07-06T15:50:28","date_gmt":"2017-07-06T18:50:28","guid":{"rendered":"https:\/\/blogs.correiobraziliense.com.br\/vicente\/?p=5246"},"modified":"2017-07-06T15:52:50","modified_gmt":"2017-07-06T18:52:50","slug":"mpf-declara-guerra-contra-bc","status":"publish","type":"post","link":"https:\/\/blogs.correiobraziliense.com.br\/vicente\/mpf-declara-guerra-contra-bc\/","title":{"rendered":"MPF declara guerra contra BC em acordos de leni\u00eancia"},"content":{"rendered":"<p>POR ANTONIO TEM\u00d3TEO<\/p>\n<p>&nbsp;<\/p>\n<p>O Minist\u00e9rio P\u00fablico Federal (MPF) considerou inconstitucional a\u00a0Medida Provis\u00f3ria n\u00ba 784 de 2017, que autoriza Banco Central (BC) e a Comiss\u00e3o de Valores Mobili\u00e1rios a celebrar acordos de leni\u00eancia em casos de infra\u00e7\u00f5es administrativas cometidas por pessoas f\u00edsicas e jur\u00eddicas que atuam noSistema Financeiro Nacional (SFN).<\/p>\n<p>&nbsp;<\/p>\n<div><span style=\"font-size: medium\">Em nota t\u00e9cnica, o grupo de trabalho questiona a urg\u00eancia da edi\u00e7\u00e3o da MP\u00a0e aponta inconstitucionalidades em v\u00e1rios pontos da norma. Para o MPF, \u00e9 necess\u00e1rio que se respeite o\u00a0processo legislativo e todas as suas fases, uma vez que o aperfei\u00e7oamento\u00a0dos mecanismos de controle e fiscaliza\u00e7\u00e3o do SFN \u201crequer amplo debate t\u00e9cnico, transpar\u00eancia e maior consenso\u201d.<\/span><\/div>\n<div><\/div>\n<div><\/div>\n<div><span style=\"font-size: medium\">Para os procuradores a\u00a0suposta urg\u00eancia coincide indevidamente com avan\u00e7os investigativos da Opera\u00e7\u00e3o Lava Jato. Os membros do MPF ainda avaliaram\u00a0\u00a0que no momento n\u00e3o s\u00e3o aconselh\u00e1veis mudan\u00e7as que possam colocar sob suspeita a atua\u00e7\u00e3o dos \u00f3rg\u00e3os estatais em todas as esferas. <\/span><\/div>\n<div><\/div>\n<div><\/div>\n<div><span style=\"font-size: medium\">\u201cOutrossim, a urg\u00eancia pode impedir melhor reflex\u00e3o e exame dos efeitos indesejados e indevidos que as mudan\u00e7as possam vir a gerar, e que estejam indo exatamente em sentido oposto ao buscado pela norma, voltada ao aprimoramento do controle e da transpar\u00eancia no setor\u201d, destacou o parecer.<\/span><\/div>\n<div><\/div>\n<div><\/div>\n<div><strong>Interpreta\u00e7\u00f5es equivocadas<\/strong><\/div>\n<div><\/div>\n<div><\/div>\n<div><span style=\"font-size: medium\">Conforme a nota t\u00e9cnica \u00e9 necess\u00e1rio preservar a integridade do sistema jur\u00eddico em vigor, uma vez que \u201cdefici\u00eancias t\u00e9cnicas\u201d prejudicam a inser\u00e7\u00e3o da medida no atual ordenamento jur\u00eddico, com coer\u00eancia e consist\u00eancia.\u00a0<\/span>A medida em an\u00e1lise pelo Congresso Nacional, relatam os procuradores, afasta a possibilidade de persecu\u00e7\u00e3o penal, prerrogativa do MPF.<\/div>\n<div><\/div>\n<div><\/div>\n<div>\u00a0Ao prever a extin\u00e7\u00e3o punitiva ou redu\u00e7\u00e3o da penalidade das infra\u00e7\u00f5es fiscalizadas pelo BC e pela CVM, destacam os procuradores, o artigo 30 da MP pode causar interpreta\u00e7\u00e3o equivocada de que a celebra\u00e7\u00e3o do termo ou acordo dispensaria a investiga\u00e7\u00e3o penal pelo MPF e inviabilizaria a a\u00e7\u00e3o penal p\u00fablica, tamb\u00e9m de prerrogativa do \u00f3rg\u00e3o.<\/div>\n<div><\/div>\n<div><\/div>\n<div><span style=\"font-size: medium\">\u201cVislumbra-se, tamb\u00e9m, com a celebra\u00e7\u00e3o de compromisso ou da leni\u00eancia, de forma sigilosa e sem comunica\u00e7\u00e3o do procedimento \u00e0s autoridades competentes, inevit\u00e1vel preju\u00edzo ao &#8216;timing&#8217; da investiga\u00e7\u00e3o de atos e fatos que podem ter provas para responsabiliza\u00e7\u00e3o em outras esferas, distintas da administrativa, destru\u00eddas ou ocultadas (notadamente, na criminal)\u201d, destaca a nota t\u00e9cnica.<\/span><\/div>\n<div><\/div>\n<div><\/div>\n<div><span style=\"font-size: medium\">Al\u00e9m disso, aponta o parecer do procuradores, a MP desvirtua a finalidade da leni\u00eancia, entendida como t\u00e9cnica especial de investiga\u00e7\u00e3o para a descoberta de novas informa\u00e7\u00f5es e provas de crimes. O modelo defendido pelos procuradores \u00e9 a ado\u00e7\u00e3o de coopera\u00e7\u00e3o interinstitucional entre MPF, BC e CVM a fim de garantir que pr\u00e1ticas delituosas sejam descobertas a tempo.<\/span><\/div>\n<div><\/div>\n<div><\/div>\n","protected":false},"excerpt":{"rendered":"<p>POR ANTONIO TEM\u00d3TEO &nbsp; O Minist\u00e9rio P\u00fablico Federal (MPF) considerou inconstitucional a\u00a0Medida Provis\u00f3ria n\u00ba 784 de 2017, que autoriza Banco Central (BC) e a Comiss\u00e3o de Valores Mobili\u00e1rios a celebrar acordos de leni\u00eancia em casos de infra\u00e7\u00f5es administrativas cometidas por pessoas f\u00edsicas e jur\u00eddicas que atuam noSistema Financeiro Nacional (SFN). &nbsp; Em nota t\u00e9cnica, o [&hellip;]<\/p>\n","protected":false},"author":22,"featured_media":0,"comment_status":"open","ping_status":"closed","sticky":false,"template":"","format":"standard","meta":{"footnotes":""},"categories":[600],"tags":[2318,106,200,2382,1400],"class_list":["post-5246","post","type-post","status-publish","format-standard","hentry","category-economia","tag-acordos-de-leniencia","tag-bc","tag-cvm","tag-mp","tag-mpf"],"_links":{"self":[{"href":"https:\/\/blogs.correiobraziliense.com.br\/vicente\/wp-json\/wp\/v2\/posts\/5246","targetHints":{"allow":["GET"]}}],"collection":[{"href":"https:\/\/blogs.correiobraziliense.com.br\/vicente\/wp-json\/wp\/v2\/posts"}],"about":[{"href":"https:\/\/blogs.correiobraziliense.com.br\/vicente\/wp-json\/wp\/v2\/types\/post"}],"author":[{"embeddable":true,"href":"https:\/\/blogs.correiobraziliense.com.br\/vicente\/wp-json\/wp\/v2\/users\/22"}],"replies":[{"embeddable":true,"href":"https:\/\/blogs.correiobraziliense.com.br\/vicente\/wp-json\/wp\/v2\/comments?post=5246"}],"version-history":[{"count":5,"href":"https:\/\/blogs.correiobraziliense.com.br\/vicente\/wp-json\/wp\/v2\/posts\/5246\/revisions"}],"predecessor-version":[{"id":5251,"href":"https:\/\/blogs.correiobraziliense.com.br\/vicente\/wp-json\/wp\/v2\/posts\/5246\/revisions\/5251"}],"wp:attachment":[{"href":"https:\/\/blogs.correiobraziliense.com.br\/vicente\/wp-json\/wp\/v2\/media?parent=5246"}],"wp:term":[{"taxonomy":"category","embeddable":true,"href":"https:\/\/blogs.correiobraziliense.com.br\/vicente\/wp-json\/wp\/v2\/categories?post=5246"},{"taxonomy":"post_tag","embeddable":true,"href":"https:\/\/blogs.correiobraziliense.com.br\/vicente\/wp-json\/wp\/v2\/tags?post=5246"}],"curies":[{"name":"wp","href":"https:\/\/api.w.org\/{rel}","templated":true}]}}