{"id":5242,"date":"2017-07-06T15:20:28","date_gmt":"2017-07-06T18:20:28","guid":{"rendered":"https:\/\/blogs.correiobraziliense.com.br\/vicente\/?p=5242"},"modified":"2017-07-06T15:20:28","modified_gmt":"2017-07-06T18:20:28","slug":"5242-2","status":"publish","type":"post","link":"https:\/\/blogs.correiobraziliense.com.br\/vicente\/5242-2\/","title":{"rendered":"Saldo da poupan\u00e7a \u00e9 positivo em R$ 6 bilh\u00f5es em junho"},"content":{"rendered":"<p class=\"p1\">POR ANTONIO TEM\u00d3TEO<\/p>\n<p class=\"p1\">\n<p class=\"p1\">A poupan\u00e7a fechou no azul pelo segundo m\u00eas consecutivo. Em junho, os dep\u00f3sitos superaram os saquem em R$ 6,09 bilh\u00f5es, conforme dados divulgados pelo Banco Central (BC). Esse \u00e9 melhor resultado para o m\u00eas desde 2013.<\/p>\n<p class=\"p1\">\n<p class=\"p1\">Apesar da melhora, a poupan\u00e7a est\u00e1 no vermelho em R$ 12,3 bilh\u00f5es nos seis primeiros meses do ano. Especialistas ressaltam que a melhora nos \u00faltimos dois meses ocorreu porque parte dos brasileiros que sacou os recursos das contas inativas do Fundo de Garantia do Tempo de Servi\u00e7o (FGTS) preferiu guardar o dinheiro do que consumidor ou pagar d\u00edvidas.<\/p>\n<p class=\"p1\">\n<p class=\"p1\">O economista-chefe da Confedera\u00e7\u00e3o Nacional do Com\u00e9rcio (CNC), Carlos Thadeu de Freitas Gomes, explicou que esse fen\u00f4meno \u00e9 conhecido como encarteiramento. Dessa forma, mas pessoas preferem guardar os recursos em momentos de incerteza, como o que ocorre agora, com crise pol\u00edtica e econ\u00f4mica.<\/p>\n<p>&nbsp;<\/p>\n<p>&nbsp;<\/p>\n","protected":false},"excerpt":{"rendered":"<p>POR ANTONIO TEM\u00d3TEO A poupan\u00e7a fechou no azul pelo segundo m\u00eas consecutivo. Em junho, os dep\u00f3sitos superaram os saquem em R$ 6,09 bilh\u00f5es, conforme dados divulgados pelo Banco Central (BC). Esse \u00e9 melhor resultado para o m\u00eas desde 2013. Apesar da melhora, a poupan\u00e7a est\u00e1 no vermelho em R$ 12,3 bilh\u00f5es nos seis primeiros meses [&hellip;]<\/p>\n","protected":false},"author":22,"featured_media":0,"comment_status":"open","ping_status":"closed","sticky":false,"template":"","format":"standard","meta":{"footnotes":""},"categories":[600],"tags":[3,106,96,28,2381,829,436],"class_list":["post-5242","post","type-post","status-publish","format-standard","hentry","category-economia","tag-banco-central","tag-bc","tag-carlos-thadeu-de-freitas-gomes","tag-cnc","tag-encarteiramento","tag-junho","tag-poupanca"],"_links":{"self":[{"href":"https:\/\/blogs.correiobraziliense.com.br\/vicente\/wp-json\/wp\/v2\/posts\/5242","targetHints":{"allow":["GET"]}}],"collection":[{"href":"https:\/\/blogs.correiobraziliense.com.br\/vicente\/wp-json\/wp\/v2\/posts"}],"about":[{"href":"https:\/\/blogs.correiobraziliense.com.br\/vicente\/wp-json\/wp\/v2\/types\/post"}],"author":[{"embeddable":true,"href":"https:\/\/blogs.correiobraziliense.com.br\/vicente\/wp-json\/wp\/v2\/users\/22"}],"replies":[{"embeddable":true,"href":"https:\/\/blogs.correiobraziliense.com.br\/vicente\/wp-json\/wp\/v2\/comments?post=5242"}],"version-history":[{"count":1,"href":"https:\/\/blogs.correiobraziliense.com.br\/vicente\/wp-json\/wp\/v2\/posts\/5242\/revisions"}],"predecessor-version":[{"id":5243,"href":"https:\/\/blogs.correiobraziliense.com.br\/vicente\/wp-json\/wp\/v2\/posts\/5242\/revisions\/5243"}],"wp:attachment":[{"href":"https:\/\/blogs.correiobraziliense.com.br\/vicente\/wp-json\/wp\/v2\/media?parent=5242"}],"wp:term":[{"taxonomy":"category","embeddable":true,"href":"https:\/\/blogs.correiobraziliense.com.br\/vicente\/wp-json\/wp\/v2\/categories?post=5242"},{"taxonomy":"post_tag","embeddable":true,"href":"https:\/\/blogs.correiobraziliense.com.br\/vicente\/wp-json\/wp\/v2\/tags?post=5242"}],"curies":[{"name":"wp","href":"https:\/\/api.w.org\/{rel}","templated":true}]}}