{"id":5234,"date":"2017-07-04T19:45:11","date_gmt":"2017-07-04T22:45:11","guid":{"rendered":"https:\/\/blogs.correiobraziliense.com.br\/vicente\/?p=5234"},"modified":"2017-07-04T19:47:41","modified_gmt":"2017-07-04T22:47:41","slug":"petrobras-reduz-preco-do-gas-de-cozinha-em-45","status":"publish","type":"post","link":"https:\/\/blogs.correiobraziliense.com.br\/vicente\/petrobras-reduz-preco-do-gas-de-cozinha-em-45\/","title":{"rendered":"Petrobras reduz pre\u00e7o do g\u00e1s de cozinha em 4,5%"},"content":{"rendered":"<p>SIMONE KAFRUNI<\/p>\n<h2>A Petrobras anunciou, nesta ter\u00e7a-feira, 4, a\u00a0redu\u00e7\u00e3o de 4,5%, em m\u00e9dia, nos pre\u00e7os do g\u00e1s liquefeito de petr\u00f3leo (GLP) para uso residencial, o g\u00e1s de cozinha dos botij\u00f5es de 13 quilos.<\/h2>\n<p>Se for integralmente repassado aos pre\u00e7os ao consumidor, a companhia estima que o pre\u00e7o do botij\u00e3o pode ser reduzido, em m\u00e9dia, em 1,5% ou cerca de R$ 0,88. A queda deve impactar em 0,05 ponto percentual na infla\u00e7\u00e3o oficial, medida pelo \u00cdndice de Pre\u00e7os ao Consumidor Amplo (IPCA) de julho.<\/p>\n<p>&#8220;Como a lei brasileira garante liberdade de pre\u00e7os no mercado de combust\u00edveis e derivados, as revis\u00f5es feitas nas refinarias podem ou n\u00e3o se refletir no pre\u00e7o final ao consumidor. Isso depender\u00e1 de repasses feitos especialmente por distribuidoras e revendedores&#8221;, disse a estatal.<\/p>\n<p>O \u00faltimo reajuste ocorreu em 8 de junho de 2017. A altera\u00e7\u00e3o atual n\u00e3o se aplica ao GLP destinado a uso industrial ou comercial.<\/p>\n","protected":false},"excerpt":{"rendered":"<p>SIMONE KAFRUNI A Petrobras anunciou, nesta ter\u00e7a-feira, 4, a\u00a0redu\u00e7\u00e3o de 4,5%, em m\u00e9dia, nos pre\u00e7os do g\u00e1s liquefeito de petr\u00f3leo (GLP) para uso residencial, o g\u00e1s de cozinha dos botij\u00f5es de 13 quilos. Se for integralmente repassado aos pre\u00e7os ao consumidor, a companhia estima que o pre\u00e7o do botij\u00e3o pode ser reduzido, em m\u00e9dia, em [&hellip;]<\/p>\n","protected":false},"author":22,"featured_media":0,"comment_status":"open","ping_status":"closed","sticky":false,"template":"","format":"standard","meta":{"footnotes":""},"categories":[600],"tags":[],"class_list":["post-5234","post","type-post","status-publish","format-standard","hentry","category-economia"],"_links":{"self":[{"href":"https:\/\/blogs.correiobraziliense.com.br\/vicente\/wp-json\/wp\/v2\/posts\/5234","targetHints":{"allow":["GET"]}}],"collection":[{"href":"https:\/\/blogs.correiobraziliense.com.br\/vicente\/wp-json\/wp\/v2\/posts"}],"about":[{"href":"https:\/\/blogs.correiobraziliense.com.br\/vicente\/wp-json\/wp\/v2\/types\/post"}],"author":[{"embeddable":true,"href":"https:\/\/blogs.correiobraziliense.com.br\/vicente\/wp-json\/wp\/v2\/users\/22"}],"replies":[{"embeddable":true,"href":"https:\/\/blogs.correiobraziliense.com.br\/vicente\/wp-json\/wp\/v2\/comments?post=5234"}],"version-history":[{"count":3,"href":"https:\/\/blogs.correiobraziliense.com.br\/vicente\/wp-json\/wp\/v2\/posts\/5234\/revisions"}],"predecessor-version":[{"id":5237,"href":"https:\/\/blogs.correiobraziliense.com.br\/vicente\/wp-json\/wp\/v2\/posts\/5234\/revisions\/5237"}],"wp:attachment":[{"href":"https:\/\/blogs.correiobraziliense.com.br\/vicente\/wp-json\/wp\/v2\/media?parent=5234"}],"wp:term":[{"taxonomy":"category","embeddable":true,"href":"https:\/\/blogs.correiobraziliense.com.br\/vicente\/wp-json\/wp\/v2\/categories?post=5234"},{"taxonomy":"post_tag","embeddable":true,"href":"https:\/\/blogs.correiobraziliense.com.br\/vicente\/wp-json\/wp\/v2\/tags?post=5234"}],"curies":[{"name":"wp","href":"https:\/\/api.w.org\/{rel}","templated":true}]}}