{"id":5231,"date":"2017-07-04T15:30:56","date_gmt":"2017-07-04T18:30:56","guid":{"rendered":"https:\/\/blogs.correiobraziliense.com.br\/vicente\/?p=5231"},"modified":"2017-07-04T16:11:40","modified_gmt":"2017-07-04T19:11:40","slug":"gasolina-energia-eletrica-e-alimentos-fazem-brasilia-ter-deflacao-de-044","status":"publish","type":"post","link":"https:\/\/blogs.correiobraziliense.com.br\/vicente\/gasolina-energia-eletrica-e-alimentos-fazem-brasilia-ter-deflacao-de-044\/","title":{"rendered":"Gasolina, energia el\u00e9trica e alimentos fazem Bras\u00edlia ter defla\u00e7\u00e3o de 0,44%"},"content":{"rendered":"<h2>MARLLA SABINO<\/h2>\n<h2><\/h2>\n<h2>Os consumidores que costumam ir frequentemente aos supermercados j\u00e1 perceberam: os pre\u00e7os dos alimentos est\u00e3o em queda. Tamb\u00e9m est\u00e3o em baixa os pre\u00e7os dos combust\u00edveis nas bombas e as contas de luz. Esse movimento trouxe de volta um fen\u00f4meno que n\u00e3o se via h\u00e1 pelo menos 10 anos: a defla\u00e7\u00e3o, quando a maior parte dos pre\u00e7os cai.<\/h2>\n<p>&nbsp;<\/p>\n<p>Dados divulgados nesta ter\u00e7a-feira, 4 de julho, pela Funda\u00e7\u00e3o Get\u00falio Vargas (FGV) mostram que o \u00cdndice de Pre\u00e7os ao Consumidor Semanal (IPC-S) encerrou junho com defla\u00e7\u00e3o de 0,44% em Bras\u00edlia. Em maio, o custo de vida havia subido 0,09%.<\/p>\n<p>&nbsp;<\/p>\n<p>Dos oito grupos de pre\u00e7os pesquisados pela FGV, tr\u00eas apontaram defla\u00e7\u00e3o: alimenta\u00e7\u00e3o (-1,39%), habita\u00e7\u00e3o (-0,72%) e transporte (-0,90%). Como esses grupos t\u00eam mais peso na composi\u00e7\u00e3o do IPC-S, o resultado final acabou ficando negativo, uma \u00f3tima not\u00edcia para as donas de casa.<\/p>\n<p>&nbsp;<\/p>\n<p>Entre os produtos que comp\u00f5em o IPC-S, as maiores baixas, em junho, ficaram por conta da tarifa de eletricidade residencial (-8,67%), da gasolina (-3,07%), do tomate (-21,93%), da banana-prata (-8,10%) e do etanol (-2,71%).<\/p>\n<p>&nbsp;<\/p>\n<p>A perspectiva entre os analistas \u00e9 de que a infla\u00e7\u00e3o continue fraca nos pr\u00f3ximos meses. \u00c9 poss\u00edvel, inclusive, que, em julho, tamb\u00e9m os \u00edndices de pre\u00e7os fiquem negativos. Como o consumo est\u00e1 muito fraco e a safra agr\u00edcola foi recorde, n\u00e3o h\u00e1 muito espa\u00e7o para eleva\u00e7\u00e3o dos pre\u00e7os dos alimentos.<\/p>\n<p>&nbsp;<\/p>\n<p>Os analistas ressaltam ainda que a defla\u00e7\u00e3o permite que o Banco Central mantenha o p\u00e9 no acelerador e reduza a taxa b\u00e1sica de juros (Selic) em um ponto percentual na reuni\u00e3o de julho do Comit\u00ea de Pol\u00edtica Monet\u00e1ria (Copom). Caso isso se confirme, a Selic voltar\u00e1 a um d\u00edgito, ou seja, baixar\u00e1 de 10,25% de 9,25% ao ano.<\/p>\n<p>&nbsp;<\/p>\n<p>Juros mais baixos, no entender do empresariado, v\u00e3o ajudar a dar novo f\u00f4lego \u00e0 economia, que vem apontando leve recupera\u00e7\u00e3o, mas n\u00e3o consegue se fortalecer de vez por causa da gravidade da crise pol\u00edtica.<\/p>\n<p>&nbsp;<\/p>\n<p><em>Bras\u00edlia, 15h30min<\/em><\/p>\n","protected":false},"excerpt":{"rendered":"<p>MARLLA SABINO Os consumidores que costumam ir frequentemente aos supermercados j\u00e1 perceberam: os pre\u00e7os dos alimentos est\u00e3o em queda. Tamb\u00e9m est\u00e3o em baixa os pre\u00e7os dos combust\u00edveis nas bombas e as contas de luz. Esse movimento trouxe de volta um fen\u00f4meno que n\u00e3o se via h\u00e1 pelo menos 10 anos: a defla\u00e7\u00e3o, quando a maior [&hellip;]<\/p>\n","protected":false},"author":22,"featured_media":0,"comment_status":"open","ping_status":"closed","sticky":false,"template":"","format":"standard","meta":{"footnotes":""},"categories":[600],"tags":[],"class_list":["post-5231","post","type-post","status-publish","format-standard","hentry","category-economia"],"_links":{"self":[{"href":"https:\/\/blogs.correiobraziliense.com.br\/vicente\/wp-json\/wp\/v2\/posts\/5231","targetHints":{"allow":["GET"]}}],"collection":[{"href":"https:\/\/blogs.correiobraziliense.com.br\/vicente\/wp-json\/wp\/v2\/posts"}],"about":[{"href":"https:\/\/blogs.correiobraziliense.com.br\/vicente\/wp-json\/wp\/v2\/types\/post"}],"author":[{"embeddable":true,"href":"https:\/\/blogs.correiobraziliense.com.br\/vicente\/wp-json\/wp\/v2\/users\/22"}],"replies":[{"embeddable":true,"href":"https:\/\/blogs.correiobraziliense.com.br\/vicente\/wp-json\/wp\/v2\/comments?post=5231"}],"version-history":[{"count":1,"href":"https:\/\/blogs.correiobraziliense.com.br\/vicente\/wp-json\/wp\/v2\/posts\/5231\/revisions"}],"predecessor-version":[{"id":5232,"href":"https:\/\/blogs.correiobraziliense.com.br\/vicente\/wp-json\/wp\/v2\/posts\/5231\/revisions\/5232"}],"wp:attachment":[{"href":"https:\/\/blogs.correiobraziliense.com.br\/vicente\/wp-json\/wp\/v2\/media?parent=5231"}],"wp:term":[{"taxonomy":"category","embeddable":true,"href":"https:\/\/blogs.correiobraziliense.com.br\/vicente\/wp-json\/wp\/v2\/categories?post=5231"},{"taxonomy":"post_tag","embeddable":true,"href":"https:\/\/blogs.correiobraziliense.com.br\/vicente\/wp-json\/wp\/v2\/tags?post=5231"}],"curies":[{"name":"wp","href":"https:\/\/api.w.org\/{rel}","templated":true}]}}