{"id":5222,"date":"2017-07-04T14:15:27","date_gmt":"2017-07-04T17:15:27","guid":{"rendered":"https:\/\/blogs.correiobraziliense.com.br\/vicente\/?p=5222"},"modified":"2017-07-04T15:09:26","modified_gmt":"2017-07-04T18:09:26","slug":"geddel-vai-para-papuda-onde-esta-seu-denunciante-lucio-funaro","status":"publish","type":"post","link":"https:\/\/blogs.correiobraziliense.com.br\/vicente\/geddel-vai-para-papuda-onde-esta-seu-denunciante-lucio-funaro\/","title":{"rendered":"Geddel vai para a Papuda, onde est\u00e1 seu denunciante, L\u00facio Funaro"},"content":{"rendered":"<h2>O ex-ministro Geddel Vieira Lima, preso pela Pol\u00edcia Federal na noite de segunda-feira, 3 de julho, ser\u00e1 transferido ainda hoje, 4 de julho, da sede da PF em Bras\u00edlia para a Papuda, onde est\u00e1 detido seu algoz, o doleiro L\u00facio Funaro. Ele acusou o pol\u00edtico de o estar monitorando para se certificar de que n\u00e3o denunciaria o presidente Michel Temer em uma eventual dela\u00e7\u00e3o premiada.<\/h2>\n<p>&nbsp;<\/p>\n<p>Ainda n\u00e3o se sabe se Geddel e Funaro ficar\u00e3o presos na mesma cela. A tend\u00eancia \u00e9 de que os dois fiquem na mesma ala, na qual tamb\u00e9m se encontram o ex-senador Luiz Estev\u00e3o e o ex-diretor do Banco do Brasil Henrique Pizzolato. A transfer\u00eancia de Geddel para a Papuda deve ocorrer at\u00e9 o fim do dia.<\/p>\n<p>&nbsp;<\/p>\n<p>No pedido de pris\u00e3o encaminhado \u00e0 Justi\u00e7a, o Minist\u00e9rio P\u00fablico alegou que Geddel era uma amea\u00e7a \u00e0 ordem p\u00fablica e \u00e0 ordem econ\u00f4mica, al\u00e9m de estar cometendo crimes em s\u00e9rie. Ele \u00e9 acusado de obstru\u00e7\u00e3o \u00e0 Justi\u00e7a. O pol\u00edtico baiano foi detido preventivamente, ou seja, n\u00e3o h\u00e1 prazo para ser libertado, dentro da Opera\u00e7\u00e3o Cui Bono, que foca irregularidades na Caixa Econ\u00f4mica Federal. Geddel foi vice-presidente do banco durante o governo de Dilma Rousseff.<\/p>\n<p>&nbsp;<\/p>\n<p>Geddel, segundo as acusa\u00e7\u00f5es, vinha atuando ativamente para evitar que o ex-deputado Eduardo Cunha e L\u00facio Funaro fechassem dela\u00e7\u00e3o premiada. Em depoimento \u00e0 Justi\u00e7a, o doleiro citou mensagens e liga\u00e7\u00f5es do ex-ministro para a sua esposa. Funaro entregou imagens da tela do celular para comprov\u00e1-las.<\/p>\n<p>&nbsp;<\/p>\n<p>Com o codinome &#8220;carainho&#8221;, Geddel sondava a mulher de Funaro sobre a disposi\u00e7\u00e3o dele em fechar acordo com o Minist\u00e9rio P\u00fablico Federal. Essa sondagem seria feita a pedido de Temer, que viu seu governo ruir depois que se tornaram p\u00fablicas, em 17 de maio, as dela\u00e7\u00f5es dos irm\u00e3os Joesley e Wesley Batista, do grupo JBS.<\/p>\n<p>&nbsp;<\/p>\n<p>Funaro tem fortes liga\u00e7\u00f5es com Joesley. Os dois se aproximaram de Eduardo Cunha e de Geddel para, de forma il\u00edcita, conseguir empr\u00e9stimos da Caixa e tirar recursos do fundo de investimentos do Fundo de Garantia do Tempo de Servi\u00e7o (FI-FGTS).<\/p>\n<p>&nbsp;<\/p>\n<p><em>Bras\u00edlia, 14h15min<\/em><\/p>\n","protected":false},"excerpt":{"rendered":"<p>O ex-ministro Geddel Vieira Lima, preso pela Pol\u00edcia Federal na noite de segunda-feira, 3 de julho, ser\u00e1 transferido ainda hoje, 4 de julho, da sede da PF em Bras\u00edlia para a Papuda, onde est\u00e1 detido seu algoz, o doleiro L\u00facio Funaro. Ele acusou o pol\u00edtico de o estar monitorando para se certificar de que n\u00e3o [&hellip;]<\/p>\n","protected":false},"author":22,"featured_media":0,"comment_status":"open","ping_status":"closed","sticky":false,"template":"","format":"standard","meta":{"footnotes":""},"categories":[600],"tags":[725,1950,111,2377,126],"class_list":["post-5222","post","type-post","status-publish","format-standard","hentry","category-economia","tag-geddel-vieira-lima","tag-lucio-funaro","tag-michel-temer","tag-papuda","tag-policia-federal"],"_links":{"self":[{"href":"https:\/\/blogs.correiobraziliense.com.br\/vicente\/wp-json\/wp\/v2\/posts\/5222","targetHints":{"allow":["GET"]}}],"collection":[{"href":"https:\/\/blogs.correiobraziliense.com.br\/vicente\/wp-json\/wp\/v2\/posts"}],"about":[{"href":"https:\/\/blogs.correiobraziliense.com.br\/vicente\/wp-json\/wp\/v2\/types\/post"}],"author":[{"embeddable":true,"href":"https:\/\/blogs.correiobraziliense.com.br\/vicente\/wp-json\/wp\/v2\/users\/22"}],"replies":[{"embeddable":true,"href":"https:\/\/blogs.correiobraziliense.com.br\/vicente\/wp-json\/wp\/v2\/comments?post=5222"}],"version-history":[{"count":8,"href":"https:\/\/blogs.correiobraziliense.com.br\/vicente\/wp-json\/wp\/v2\/posts\/5222\/revisions"}],"predecessor-version":[{"id":5230,"href":"https:\/\/blogs.correiobraziliense.com.br\/vicente\/wp-json\/wp\/v2\/posts\/5222\/revisions\/5230"}],"wp:attachment":[{"href":"https:\/\/blogs.correiobraziliense.com.br\/vicente\/wp-json\/wp\/v2\/media?parent=5222"}],"wp:term":[{"taxonomy":"category","embeddable":true,"href":"https:\/\/blogs.correiobraziliense.com.br\/vicente\/wp-json\/wp\/v2\/categories?post=5222"},{"taxonomy":"post_tag","embeddable":true,"href":"https:\/\/blogs.correiobraziliense.com.br\/vicente\/wp-json\/wp\/v2\/tags?post=5222"}],"curies":[{"name":"wp","href":"https:\/\/api.w.org\/{rel}","templated":true}]}}