{"id":5220,"date":"2017-07-04T09:29:23","date_gmt":"2017-07-04T12:29:23","guid":{"rendered":"https:\/\/blogs.correiobraziliense.com.br\/vicente\/?p=5220"},"modified":"2017-07-04T14:33:19","modified_gmt":"2017-07-04T17:33:19","slug":"de-amigo-fraterno-geddel-agora-e-um-assombro-para-temer","status":"publish","type":"post","link":"https:\/\/blogs.correiobraziliense.com.br\/vicente\/de-amigo-fraterno-geddel-agora-e-um-assombro-para-temer\/","title":{"rendered":"De amigo fraterno, Geddel agora \u00e9 um assombro para Temer"},"content":{"rendered":"<h2>LEONARDO CAVALCANTI<\/h2>\n<h2><\/h2>\n<h2>O ex-ministro Geddel Vieira Lima \u00e9 um camarada que faz \u2014 ou pelo menos fazia \u2014 do pr\u00f3prio mau humor algo divertido. Desbocado e impaciente, chega mesmo a ser engra\u00e7ado, pois tem a caracter\u00edstica de falar na lata, sem meios-termos. Um dos momentos mais tensos do peemedebista ocorreu quando ele tentava pescar votos para confirmar o impeachment de Dilma Rousseff no Senado. Naquele momento, foi obrigado a tratar os parlamentares daquela Casa com delicadeza, algo estranho ao pr\u00f3prio pol\u00edtico. \u201cNesse momento aquento todo tipo de capricho dos senadores. Depois, volto a ser eu mesmo\u201d, disse durante uma conversa com jornalistas. E assim foi.<\/h2>\n<p>&nbsp;<\/p>\n<p>Com o impeachment confirmado em 31 de agosto, Geddel conseguiu a primeira vit\u00f3ria do governo Temer, que, naquele mesmo dia, tomava posse como presidente. Negociador nato, o baiano era considerado o mais atrevido, o que sa\u00eda na frente para conquistar apoios, com Romero Juc\u00e1. S\u00f3 depois da abordagem de Geddel, era que entravam em cena Eliseu Padilha e Moreira Franco. Deputado federal por cinco mandatos, Geddel foi pr\u00f3ximo de Temer durante todo esse per\u00edodo. E um dos primeiros a defender publicamente a sa\u00edda do PMDB do barco de Dilma antes do naufr\u00e1gio.<\/p>\n<p>&nbsp;<\/p>\n<p>A queda de Geddel da Esplanada ocorreu a contragosto de Temer, que aceitou a carta de demiss\u00e3o do baiano uma semana depois de o epis\u00f3dio envolvendo o ex-ministro da Cultura Marcelo Calero vir \u00e0 tona, ainda em novembro do ano passado. Na missiva, Geddel tratou Temer como \u201cfraterno amigo\u201d. O presidente perdia ali um dos principais articuladores do governo com o Congresso. \u00c9 preciso lembrar que a vota\u00e7\u00e3o do teto de gastos na C\u00e2mara ocorreu em outubro do ano passado, um m\u00eas antes da queda de Geddel \u2014 a parte mais simples, no Senado, foi confirmada dois meses depois, em dezembro.<\/p>\n<p>&nbsp;<\/p>\n<p>Sem Geddel na Esplanada e com a dela\u00e7\u00e3o da JBS, o governo vive no sufoco no Congresso. Se distante do Planalto o peemedebista era um problema pela falta que fazia nas negocia\u00e7\u00f5es, agora, preso, Geddel representa um risco, caso puxe um tempo de cadeia e resolva fazer uma dela\u00e7\u00e3o. At\u00e9 l\u00e1, entretanto, o governo Temer tem problemas mais urgentes para resolver.<\/p>\n<p>&nbsp;<\/p>\n<p><strong>A sustenta\u00e7\u00e3o<\/strong><\/p>\n<p>&nbsp;<\/p>\n<p>\u00c9 preciso considerar que a sustenta\u00e7\u00e3o do presidente Michel Temer est\u00e1, hoje, fora do Congresso. O peemedebista se apoia em algo um pouco mais et\u00e9reo, que passa por um sentimento de confian\u00e7a do setor produtivo. A rela\u00e7\u00e3o \u00e9 direta quando se diz que as reformas s\u00e3o fundamentais para o Planalto, pois \u00e9 o sinal positivo para o mercado, incluindo a\u00ed a ind\u00fastria, o com\u00e9rcio, os servi\u00e7os e a constru\u00e7\u00e3o civil. \u00c9 a velha m\u00e1xima do marqueteiro James Carville: \u201c\u00c9 a economia, est\u00fapido\u201d. Se ela vai bem, tudo pode se adequar. Mal, \u00e9 um Deus nos acuda.<\/p>\n<p>&nbsp;<\/p>\n<p>Com a crise da dela\u00e7\u00e3o da JBS ainda nos calcanhares de Temer e a perplexidade do Congresso, alguns especialistas chegaram at\u00e9 mesmo a levantar um in\u00edcio de separa\u00e7\u00e3o entre a economia e a pol\u00edtica na avalia\u00e7\u00e3o de cen\u00e1rios do pa\u00eds. A an\u00e1lise \u00e9 arriscada e precipitada. Se a popularidade pol\u00edtica de um presidente passa pela satisfa\u00e7\u00e3o de aspectos econ\u00f4micos para o eleitor, fazer tal distin\u00e7\u00e3o serve apenas para explicar de forma rasa os tais sinais positivos. A sustenta\u00e7\u00e3o de Temer est\u00e1 ligada \u00e0 expectativa de aprovar reformas e manter a chama da recupera\u00e7\u00e3o econ\u00f4mica acesa.<\/p>\n<p>&nbsp;<\/p>\n<p><strong>O importante<\/strong><\/p>\n<p>&nbsp;<\/p>\n<p>A pesquisa da Funda\u00e7\u00e3o Getulio Vargas (FGV) divulgada ontem sobre o \u00cdndice de Confian\u00e7a Empresarial mostra, entretanto, que a situa\u00e7\u00e3o do governo n\u00e3o \u00e9 das mais tranquilas. Segundo os n\u00fameros, o ICE recuou 2,1 pontos em junho, chegando a 83,9 pontos. A medi\u00e7\u00e3o anterior, de maio, mostrava uma sequ\u00eancia de cinco altas, mas havia sido coletada antes da not\u00edcia da dela\u00e7\u00e3o de Joesley Batista. Na avalia\u00e7\u00e3o dos coordenadores da pesquisa, o \u201caprofundamento da crise pol\u00edtica\u201d ocorreu depois de 17 de maio (dia da not\u00edcia da dela\u00e7\u00e3o)\u201d. A partir daquela data, o governo iniciou a perda de subst\u00e2ncia.<\/p>\n<p>&nbsp;<\/p>\n<p>Os coordenadores da pesquisa alertam para o fato de que, caso a tend\u00eancia de queda n\u00e3o seja revertida, o mau humor poder\u00e1 se refletir no dia a dia das empresas, levando a revis\u00f5es de cen\u00e1rios por parte dos empres\u00e1rios. Foi isso que definiu a degola de Dilma Rousseff, quando o empresariado perdeu as esperan\u00e7as de que a petista pudesse retomar o crescimento perdido. O c\u00e1lculo parecia f\u00e1cil de ser feito \u00e0 \u00e9poca, pela confian\u00e7a na capacidade de di\u00e1logo do ent\u00e3o vice, Michel Temer. N\u00e3o deixa de ser sintom\u00e1tico que a tal confian\u00e7a seja definitiva para o futuro de Temer a partir de agora.<\/p>\n<p>&nbsp;<\/p>\n<p><em>Bras\u00edlia, 09h29min<\/em><\/p>\n","protected":false},"excerpt":{"rendered":"<p>LEONARDO CAVALCANTI O ex-ministro Geddel Vieira Lima \u00e9 um camarada que faz \u2014 ou pelo menos fazia \u2014 do pr\u00f3prio mau humor algo divertido. Desbocado e impaciente, chega mesmo a ser engra\u00e7ado, pois tem a caracter\u00edstica de falar na lata, sem meios-termos. Um dos momentos mais tensos do peemedebista ocorreu quando ele tentava pescar votos [&hellip;]<\/p>\n","protected":false},"author":22,"featured_media":0,"comment_status":"open","ping_status":"closed","sticky":false,"template":"","format":"standard","meta":{"footnotes":""},"categories":[600],"tags":[255,1078,2376,111,351],"class_list":["post-5220","post","type-post","status-publish","format-standard","hentry","category-economia","tag-corrupcao","tag-denuncia","tag-geddell-vieira-lima","tag-michel-temer","tag-prisao"],"_links":{"self":[{"href":"https:\/\/blogs.correiobraziliense.com.br\/vicente\/wp-json\/wp\/v2\/posts\/5220","targetHints":{"allow":["GET"]}}],"collection":[{"href":"https:\/\/blogs.correiobraziliense.com.br\/vicente\/wp-json\/wp\/v2\/posts"}],"about":[{"href":"https:\/\/blogs.correiobraziliense.com.br\/vicente\/wp-json\/wp\/v2\/types\/post"}],"author":[{"embeddable":true,"href":"https:\/\/blogs.correiobraziliense.com.br\/vicente\/wp-json\/wp\/v2\/users\/22"}],"replies":[{"embeddable":true,"href":"https:\/\/blogs.correiobraziliense.com.br\/vicente\/wp-json\/wp\/v2\/comments?post=5220"}],"version-history":[{"count":1,"href":"https:\/\/blogs.correiobraziliense.com.br\/vicente\/wp-json\/wp\/v2\/posts\/5220\/revisions"}],"predecessor-version":[{"id":5221,"href":"https:\/\/blogs.correiobraziliense.com.br\/vicente\/wp-json\/wp\/v2\/posts\/5220\/revisions\/5221"}],"wp:attachment":[{"href":"https:\/\/blogs.correiobraziliense.com.br\/vicente\/wp-json\/wp\/v2\/media?parent=5220"}],"wp:term":[{"taxonomy":"category","embeddable":true,"href":"https:\/\/blogs.correiobraziliense.com.br\/vicente\/wp-json\/wp\/v2\/categories?post=5220"},{"taxonomy":"post_tag","embeddable":true,"href":"https:\/\/blogs.correiobraziliense.com.br\/vicente\/wp-json\/wp\/v2\/tags?post=5220"}],"curies":[{"name":"wp","href":"https:\/\/api.w.org\/{rel}","templated":true}]}}