{"id":5217,"date":"2017-07-03T13:01:09","date_gmt":"2017-07-03T16:01:09","guid":{"rendered":"https:\/\/blogs.correiobraziliense.com.br\/vicente\/?p=5217"},"modified":"2017-07-03T13:27:42","modified_gmt":"2017-07-03T16:27:42","slug":"mpt-investigara-embaixador-que-pediu-escravo-no-itamaraty","status":"publish","type":"post","link":"https:\/\/blogs.correiobraziliense.com.br\/vicente\/mpt-investigara-embaixador-que-pediu-escravo-no-itamaraty\/","title":{"rendered":"MPT investigar\u00e1 embaixador que pediu &#8220;escravo&#8221; no Itamaraty"},"content":{"rendered":"<p>O Minist\u00e9rio P\u00fablico do Trabalho investigar\u00e1 den\u00fancias feita pelo <strong>Blog<\/strong>, em 26 de junho, de que um embaixador teria pedido, por meio de uma mensagem (<strong>veja abaixo<\/strong>), a uma colega do Itamaraty que arrumasse &#8220;um escravo&#8221; entre os funcion\u00e1rios do \u00f3rg\u00e3o para resolver problemas com bolsas de estudos para estrangeiros.<\/p>\n<p>&nbsp;<\/p>\n<p>Segundo a Procuradoria Regional do Trabalho da 10\u00aa Regi\u00e3o, a den\u00fancia de ass\u00e9dio moral no Minist\u00e9rio das Rela\u00e7\u00f5es Exteriores (MRE) \u00e9 alvo do procedimento administrativo n\u00ba 1523\/2017. A abertura de investiga\u00e7\u00e3o foi comunicada para a presidente do Sinditamaraty, Suellen Paz, na \u00faltima sexta-feira, 30, pelo membro do Conselho Superior do Minist\u00e9rio P\u00fablico do Trabalho e subprocurador-geral do Trabalho Manoel Jorge e Silva Neto.<\/p>\n<p>&nbsp;<\/p>\n<p><a href=\"https:\/\/blogs.correiobraziliense.com.br\/vicente\/wp-content\/uploads\/sites\/16\/2017\/06\/ItamratyEscravo.jpg\" rel=\"attachment wp-att-5169\"><img loading=\"lazy\" decoding=\"async\" class=\"alignnone  wp-image-5169\" src=\"https:\/\/blogs.correiobraziliense.com.br\/vicente\/wp-content\/uploads\/sites\/16\/2017\/06\/ItamratyEscravo-224x300.jpg\" alt=\"ItamratyEscravo\" width=\"322\" height=\"431\" srcset=\"https:\/\/blogs.correiobraziliense.com.br\/vicente\/wp-content\/uploads\/sites\/16\/2017\/06\/ItamratyEscravo-224x300.jpg 224w, https:\/\/blogs.correiobraziliense.com.br\/vicente\/wp-content\/uploads\/sites\/16\/2017\/06\/ItamratyEscravo-768x1029.jpg 768w, https:\/\/blogs.correiobraziliense.com.br\/vicente\/wp-content\/uploads\/sites\/16\/2017\/06\/ItamratyEscravo-764x1024.jpg 764w, https:\/\/blogs.correiobraziliense.com.br\/vicente\/wp-content\/uploads\/sites\/16\/2017\/06\/ItamratyEscravo-261x350.jpg 261w, https:\/\/blogs.correiobraziliense.com.br\/vicente\/wp-content\/uploads\/sites\/16\/2017\/06\/ItamratyEscravo-550x737.jpg 550w, https:\/\/blogs.correiobraziliense.com.br\/vicente\/wp-content\/uploads\/sites\/16\/2017\/06\/ItamratyEscravo-230x308.jpg 230w, https:\/\/blogs.correiobraziliense.com.br\/vicente\/wp-content\/uploads\/sites\/16\/2017\/06\/ItamratyEscravo.jpg 770w\" sizes=\"auto, (max-width: 322px) 100vw, 322px\" \/><\/a><\/p>\n<p>&nbsp;<\/p>\n<p>Na opini\u00e3o da\u00a0presidente do Sinditamaraty, Minist\u00e9rio P\u00fablico ser\u00e1 um grande aliado no combate ao ass\u00e9dio moral no Itamaraty. \u201cPrecisamos acabar com as pr\u00e1ticas personalistas, a gest\u00e3o autorit\u00e1ria e patrimonialista e a falta de participa\u00e7\u00e3o coletiva no processo decis\u00f3rio. Esses componentes s\u00e3o terrenos f\u00e9rteis para o ass\u00e9dio. Paralelamente a isso, as den\u00fancias devem ser investigadas e, se comprovadas, os autores devem ser punidos. Basta! \u201d, afirma.<\/p>\n<p>&nbsp;<\/p>\n<p>Durante o encontro com o subprocurador do MPT, a presidente do Sinditamaraty entregou a ele o estudo \u201cRiscos Psicossociais do Trabalho no Itamaraty\u201d, encomendado pelo sindicato ao Laborat\u00f3rio de Psicodin\u00e2mica e Cl\u00ednica do Trabalho da Universidade de Bras\u00edlia (UnB). O documento, publicado no in\u00edcio deste ano, mostra que mais de 80% dos servidores testemunharam ass\u00e9dio no trabalho.<\/p>\n<p>&nbsp;<\/p>\n<p>\u201cSem embargo da iniciativa da not\u00edcia de fato, que \u00e9 o estopim para a investiga\u00e7\u00e3o do Minist\u00e9rio P\u00fablico, estarei continuamente \u00e0 disposi\u00e7\u00e3o para contribuir para o combate ao ass\u00e9dio no Minist\u00e9rio das Rela\u00e7\u00f5es Exteriores\u201d, disse o conselheiro do MPT. Est\u00e1 prevista uma palestra do subprocurador para servidores do MRE em 10 de agosto.<\/p>\n<p>&nbsp;<\/p>\n<p>O Minist\u00e9rio das Rela\u00e7\u00f5es Exteriores informa que abriu procedimento para apurar o que ocorreu. O \u00f3rg\u00e3o disse que tomou conhecimento da den\u00fancia que de um embaixador teria pedido &#8220;um escravo&#8221; por meio do <strong>Blog<\/strong>. O clima \u00e9 de como\u00e7\u00e3o dentro do Itamaraty.<\/p>\n<p>&nbsp;<\/p>\n<p><em>Bras\u00edlia, 13h01min<\/em><\/p>\n","protected":false},"excerpt":{"rendered":"<p>O Minist\u00e9rio P\u00fablico do Trabalho investigar\u00e1 den\u00fancias feita pelo Blog, em 26 de junho, de que um embaixador teria pedido, por meio de uma mensagem (veja abaixo), a uma colega do Itamaraty que arrumasse &#8220;um escravo&#8221; entre os funcion\u00e1rios do \u00f3rg\u00e3o para resolver problemas com bolsas de estudos para estrangeiros. &nbsp; Segundo a Procuradoria Regional [&hellip;]<\/p>\n","protected":false},"author":22,"featured_media":0,"comment_status":"open","ping_status":"closed","sticky":false,"template":"","format":"standard","meta":{"footnotes":""},"categories":[600],"tags":[1987,2374,940,329,2375],"class_list":["post-5217","post","type-post","status-publish","format-standard","hentry","category-economia","tag-assedio-moral","tag-escravo","tag-investigacao","tag-itamaraty","tag-ministerio-publico-do-trabalho"],"_links":{"self":[{"href":"https:\/\/blogs.correiobraziliense.com.br\/vicente\/wp-json\/wp\/v2\/posts\/5217","targetHints":{"allow":["GET"]}}],"collection":[{"href":"https:\/\/blogs.correiobraziliense.com.br\/vicente\/wp-json\/wp\/v2\/posts"}],"about":[{"href":"https:\/\/blogs.correiobraziliense.com.br\/vicente\/wp-json\/wp\/v2\/types\/post"}],"author":[{"embeddable":true,"href":"https:\/\/blogs.correiobraziliense.com.br\/vicente\/wp-json\/wp\/v2\/users\/22"}],"replies":[{"embeddable":true,"href":"https:\/\/blogs.correiobraziliense.com.br\/vicente\/wp-json\/wp\/v2\/comments?post=5217"}],"version-history":[{"count":1,"href":"https:\/\/blogs.correiobraziliense.com.br\/vicente\/wp-json\/wp\/v2\/posts\/5217\/revisions"}],"predecessor-version":[{"id":5218,"href":"https:\/\/blogs.correiobraziliense.com.br\/vicente\/wp-json\/wp\/v2\/posts\/5217\/revisions\/5218"}],"wp:attachment":[{"href":"https:\/\/blogs.correiobraziliense.com.br\/vicente\/wp-json\/wp\/v2\/media?parent=5217"}],"wp:term":[{"taxonomy":"category","embeddable":true,"href":"https:\/\/blogs.correiobraziliense.com.br\/vicente\/wp-json\/wp\/v2\/categories?post=5217"},{"taxonomy":"post_tag","embeddable":true,"href":"https:\/\/blogs.correiobraziliense.com.br\/vicente\/wp-json\/wp\/v2\/tags?post=5217"}],"curies":[{"name":"wp","href":"https:\/\/api.w.org\/{rel}","templated":true}]}}