{"id":5196,"date":"2017-06-28T19:41:41","date_gmt":"2017-06-28T22:41:41","guid":{"rendered":"https:\/\/blogs.correiobraziliense.com.br\/vicente\/?p=5196"},"modified":"2017-06-28T20:43:14","modified_gmt":"2017-06-28T23:43:14","slug":"pf-suspendeu-servicos-de-passaporte-mesmo-tendo-r-60-milhoes-em-caixa","status":"publish","type":"post","link":"https:\/\/blogs.correiobraziliense.com.br\/vicente\/pf-suspendeu-servicos-de-passaporte-mesmo-tendo-r-60-milhoes-em-caixa\/","title":{"rendered":"PF suspendeu servi\u00e7os de passaporte mesmo tendo R$ 60 milh\u00f5es em caixa"},"content":{"rendered":"<h2>T\u00e9cnicos do governo que acompanham a movimenta\u00e7\u00e3o de dinheiro pelos \u00f3rg\u00e3os p\u00fablicos garantem que a Pol\u00edcia Federal se precipitou ao anunciar as suspens\u00e3o da emiss\u00e3o de passaportes. A institui\u00e7\u00e3o ainda tinha dinheiro de sobra para continuar emitindo documentos. Algo como R$ 60 milh\u00f5es.<\/h2>\n<p>&nbsp;<\/p>\n<p>Os mesmos t\u00e9cnicos garantem que a PF\u00a0tinha conhecimento que seria enviado ao Congresso um projeto de lei prevendo cr\u00e9dito suplementar de mais de R$ 100 milh\u00f5es para a confec\u00e7\u00e3o de novos passaportes, que, como s\u00e3o emitidos com um bom prazo depois dos pedidos, permitiriam uma programa\u00e7\u00e3o sem transtornos.<\/p>\n<p>&nbsp;<\/p>\n<p>O an\u00fancio pela PF da suspens\u00e3o do servi\u00e7o de passaportes, no entender do Pal\u00e1cio do Planalto, foi muito mais pol\u00edtico do que t\u00e9cnico. Teve como \u00fanico objetivo jogar a popula\u00e7\u00e3o contra o governo, porque muita gente se viu em uma situa\u00e7\u00e3o bastante complicada, pois as passagens para o exterior est\u00e3o marcadas e os hot\u00e9is, pagos.<\/p>\n<p>&nbsp;<\/p>\n<p>A ordem dentro do governo, por\u00e9m, \u00e9 n\u00e3o polemizar muito, para n\u00e3o dar muni\u00e7\u00e3o \u00e0 PF. O Planalto quer que o servi\u00e7o seja restabelecido o mais rapidamente poss\u00edvel, reduzindo os transtornos \u00e0 popula\u00e7\u00e3o. &#8220;Esse \u00e9 o tipo de desgaste que n\u00e3o precisamos ter neste momento&#8221;, ressalta um auxiliar do presidente Michel Temer.<\/p>\n","protected":false},"excerpt":{"rendered":"<p>T\u00e9cnicos do governo que acompanham a movimenta\u00e7\u00e3o de dinheiro pelos \u00f3rg\u00e3os p\u00fablicos garantem que a Pol\u00edcia Federal se precipitou ao anunciar as suspens\u00e3o da emiss\u00e3o de passaportes. A institui\u00e7\u00e3o ainda tinha dinheiro de sobra para continuar emitindo documentos. Algo como R$ 60 milh\u00f5es. &nbsp; Os mesmos t\u00e9cnicos garantem que a PF\u00a0tinha conhecimento que seria enviado [&hellip;]<\/p>\n","protected":false},"author":22,"featured_media":0,"comment_status":"open","ping_status":"closed","sticky":false,"template":"","format":"standard","meta":{"footnotes":""},"categories":[600],"tags":[513,126,681,1084],"class_list":["post-5196","post","type-post","status-publish","format-standard","hentry","category-economia","tag-passaporte","tag-policia-federal","tag-retaliacao","tag-suspensao"],"_links":{"self":[{"href":"https:\/\/blogs.correiobraziliense.com.br\/vicente\/wp-json\/wp\/v2\/posts\/5196","targetHints":{"allow":["GET"]}}],"collection":[{"href":"https:\/\/blogs.correiobraziliense.com.br\/vicente\/wp-json\/wp\/v2\/posts"}],"about":[{"href":"https:\/\/blogs.correiobraziliense.com.br\/vicente\/wp-json\/wp\/v2\/types\/post"}],"author":[{"embeddable":true,"href":"https:\/\/blogs.correiobraziliense.com.br\/vicente\/wp-json\/wp\/v2\/users\/22"}],"replies":[{"embeddable":true,"href":"https:\/\/blogs.correiobraziliense.com.br\/vicente\/wp-json\/wp\/v2\/comments?post=5196"}],"version-history":[{"count":2,"href":"https:\/\/blogs.correiobraziliense.com.br\/vicente\/wp-json\/wp\/v2\/posts\/5196\/revisions"}],"predecessor-version":[{"id":5198,"href":"https:\/\/blogs.correiobraziliense.com.br\/vicente\/wp-json\/wp\/v2\/posts\/5196\/revisions\/5198"}],"wp:attachment":[{"href":"https:\/\/blogs.correiobraziliense.com.br\/vicente\/wp-json\/wp\/v2\/media?parent=5196"}],"wp:term":[{"taxonomy":"category","embeddable":true,"href":"https:\/\/blogs.correiobraziliense.com.br\/vicente\/wp-json\/wp\/v2\/categories?post=5196"},{"taxonomy":"post_tag","embeddable":true,"href":"https:\/\/blogs.correiobraziliense.com.br\/vicente\/wp-json\/wp\/v2\/tags?post=5196"}],"curies":[{"name":"wp","href":"https:\/\/api.w.org\/{rel}","templated":true}]}}