{"id":5185,"date":"2017-06-28T14:01:01","date_gmt":"2017-06-28T17:01:01","guid":{"rendered":"https:\/\/blogs.correiobraziliense.com.br\/vicente\/?p=5185"},"modified":"2017-06-28T19:15:16","modified_gmt":"2017-06-28T22:15:16","slug":"temer-recebe-lista-triplece","status":"publish","type":"post","link":"https:\/\/blogs.correiobraziliense.com.br\/vicente\/temer-recebe-lista-triplece\/","title":{"rendered":"Temer recebe lista tr\u00edplice de procuradores \u00e0 sucess\u00e3o de Janot"},"content":{"rendered":"<h2>O presidente Michel Temer chamou ao Pal\u00e1cio do Planalto o presidente da Associa\u00e7\u00e3o Nacional dos Procuradores da Rep\u00fablica (ANPR), Jos\u00e9 Robalinho, do qual receber\u00e1 a lista tr\u00edplice com os nomes escolhidos pelos procuradores para a sucess\u00e3o de Rodrigo Janot na Procuradoria-Geral da Rep\u00fablica.<\/h2>\n<p>&nbsp;<\/p>\n<p>Os escolhidos foram os procuradores Nicolao Dino, que recebeu 621 votos, Raquel Dodge (587) e Mario Luiz Bonsaglia (564). A tend\u00eancia, segundo fontes do Planalto, \u00e9 de que Temer opte por Raquel ou Bonsaglia, uma vez que Dino \u00e9 muito ligado a Jato, hoje, o principal algoz do presidente da Rep\u00fablica. A expectativa \u00e9 de que Temer anuncie a escolha ainda esta semana, como forma de criar um contraponto a Janot, que tenderia j\u00e1 a ser tratado como ex-PGR.<\/p>\n<p>&nbsp;<\/p>\n<p>Segundo informou Robalinho a Temer, a elei\u00e7\u00e3o deste ano teve participa\u00e7\u00e3o recorde de votantes. Foram 1.108 procuradores, o correspondente a 85% da carreira. Isso, no entender do presidente da ANPR, d\u00e1 muita legitimidade ao processo. Robalinho acredita que o chefe do Executivo optar\u00e1 por um dos tr\u00eas integrantes da lista tr\u00edplice, apesar de alguns aliados do peemedebista indicarem que ele recorrar\u00e1 a outro nome fora da lista, quebrando uma tradi\u00e7\u00e3o que vem desde 2003.<\/p>\n<p>&nbsp;<\/p>\n<p>Ao receber Robalinho no Planalto, Temer tentou passar um sinal amistoso \u00e0 Procuradoria-Geral da Rep\u00fablica, a despeito de toda a raiva acumulada contra Janot, a quem acusou de receber recursos da JBS, dos irm\u00e3os Joesley e Wesley Batista, que teriam obtido muitas facilidades no processo de ela\u00e7\u00e3o. Participaram do encontro de Temer com Robalinho, os ministros da Justi\u00e7a, Torquato Jardim, e da Casa Civil, Eliseu Padilha, al\u00e9m do presidente do Senado Federal, Eun\u00edcio Oliveira.<\/p>\n<p>&nbsp;<\/p>\n<p>&nbsp;<\/p>\n","protected":false},"excerpt":{"rendered":"<p>O presidente Michel Temer chamou ao Pal\u00e1cio do Planalto o presidente da Associa\u00e7\u00e3o Nacional dos Procuradores da Rep\u00fablica (ANPR), Jos\u00e9 Robalinho, do qual receber\u00e1 a lista tr\u00edplice com os nomes escolhidos pelos procuradores para a sucess\u00e3o de Rodrigo Janot na Procuradoria-Geral da Rep\u00fablica. &nbsp; Os escolhidos foram os procuradores Nicolao Dino, que recebeu 621 votos, [&hellip;]<\/p>\n","protected":false},"author":22,"featured_media":0,"comment_status":"open","ping_status":"closed","sticky":false,"template":"","format":"standard","meta":{"footnotes":""},"categories":[600],"tags":[2361,2363,2362,2360,125],"class_list":["post-5185","post","type-post","status-publish","format-standard","hentry","category-economia","tag-janot","tag-lista-triplice","tag-procurador","tag-procuradoria","tag-temer"],"_links":{"self":[{"href":"https:\/\/blogs.correiobraziliense.com.br\/vicente\/wp-json\/wp\/v2\/posts\/5185","targetHints":{"allow":["GET"]}}],"collection":[{"href":"https:\/\/blogs.correiobraziliense.com.br\/vicente\/wp-json\/wp\/v2\/posts"}],"about":[{"href":"https:\/\/blogs.correiobraziliense.com.br\/vicente\/wp-json\/wp\/v2\/types\/post"}],"author":[{"embeddable":true,"href":"https:\/\/blogs.correiobraziliense.com.br\/vicente\/wp-json\/wp\/v2\/users\/22"}],"replies":[{"embeddable":true,"href":"https:\/\/blogs.correiobraziliense.com.br\/vicente\/wp-json\/wp\/v2\/comments?post=5185"}],"version-history":[{"count":7,"href":"https:\/\/blogs.correiobraziliense.com.br\/vicente\/wp-json\/wp\/v2\/posts\/5185\/revisions"}],"predecessor-version":[{"id":5195,"href":"https:\/\/blogs.correiobraziliense.com.br\/vicente\/wp-json\/wp\/v2\/posts\/5185\/revisions\/5195"}],"wp:attachment":[{"href":"https:\/\/blogs.correiobraziliense.com.br\/vicente\/wp-json\/wp\/v2\/media?parent=5185"}],"wp:term":[{"taxonomy":"category","embeddable":true,"href":"https:\/\/blogs.correiobraziliense.com.br\/vicente\/wp-json\/wp\/v2\/categories?post=5185"},{"taxonomy":"post_tag","embeddable":true,"href":"https:\/\/blogs.correiobraziliense.com.br\/vicente\/wp-json\/wp\/v2\/tags?post=5185"}],"curies":[{"name":"wp","href":"https:\/\/api.w.org\/{rel}","templated":true}]}}