{"id":5181,"date":"2017-06-27T18:45:44","date_gmt":"2017-06-27T21:45:44","guid":{"rendered":"https:\/\/blogs.correiobraziliense.com.br\/vicente\/?p=5181"},"modified":"2017-06-27T19:10:41","modified_gmt":"2017-06-27T22:10:41","slug":"temer-tem-discurso-pronto-para-nomear-raquel-dodge-no-lugar-de-janot","status":"publish","type":"post","link":"https:\/\/blogs.correiobraziliense.com.br\/vicente\/temer-tem-discurso-pronto-para-nomear-raquel-dodge-no-lugar-de-janot\/","title":{"rendered":"Temer tem discurso pronto para nomear Raquel Dodge no lugar de Janot"},"content":{"rendered":"<h2>Aliados do presidente Michel Temer dizem que ele est\u00e1 com o discurso pronto para indicar a procuradora Raquel Dodge como substituta de Rodrigo Janot no comando da Procuraria-Geral da Rep\u00fablica. Ela ficou na segunda coloca\u00e7\u00e3o da lista tr\u00edplice fechada hoje, com 587 votos. Os outros dois integrantes s\u00e3o Nicolao Dino (621), que ocupa a lideran\u00e7a, e Mario Bonsaglia (564).<\/h2>\n<p>&nbsp;<\/p>\n<p>Temer, segundo auxiliares, poder\u00e1 usar o discurso de que estar\u00e1 nomeando a primeira mulher para a chefia da PGR, um feito hist\u00f3rico. Como se sabe, o presidente foi muito criticado quando anunciou seu minist\u00e9rio, quase que exclusivamente masculino e branco.<\/p>\n<p>&nbsp;<\/p>\n<p>&#8220;No que depender de Temer, Raquel Dodge ser\u00e1 a Procuradora-Geral da Rep\u00fablica. Entre os tr\u00eas que comp\u00f5em a lista tr\u00edplice, ela \u00e9 a mais moderada. N\u00e3o tem sangue nos olhos&#8221;, diz um integrante do Pal\u00e1cio do Planalto. &#8220;Al\u00e9m de tudo, tem o apoio de gente importante do PMDB&#8221;, acrescenta.<\/p>\n<p>&nbsp;<\/p>\n<p>Amigos de Raquel garantem, por\u00e9m, que as informa\u00e7\u00f5es de que a procuradora tem o apoio de peemedebistas como o senador Renan Calheiros (AL) s\u00e3o falsas e t\u00eam como objetivo \u00fanico queim\u00e1-la junto \u00e0 opini\u00e3o p\u00fablica. Raquel, segundo os amigos, \u00e9 independente e muito capacitada para comandar a PGR.<\/p>\n<p>&nbsp;<\/p>\n<p>Os mesmos amigos garantem que Raquel \u00e9 uma grande defensora da Lava-Jato. E que vai levar adiante todos os processos conduzidos por Janot. &#8220;Ela n\u00e3o aceitar\u00e1 a pecha de que foi colocada na PGR para se tornar uma engavetadora-geral da Rep\u00fablica&#8221;, diz um desses amigos.<\/p>\n<p>&nbsp;<\/p>\n<p>A perspectiva no Planalto \u00e9 de que, de posse da lista tr\u00edplice feita pelos procuradores, Temer indique rapidamente o nome da futura comandante da PGR para o Senado, que ter\u00e1 que sabatin\u00e1-la. Com isso, evitar\u00e1 que Raquel fique sangrando com ataques que devem vir de todos os lados e tentar\u00e1 esvaziar Janot, que encaminhou den\u00fancia contra o presidente ao Supremo Tribunal Federal (STF) por corrup\u00e7\u00e3o passiva. O mandato de Janot acabar\u00e1 em 19 de setembro.<\/p>\n<p>&nbsp;<\/p>\n<p><em>Bras\u00edlia, 18h45min\u00a0<\/em><\/p>\n","protected":false},"excerpt":{"rendered":"<p>Aliados do presidente Michel Temer dizem que ele est\u00e1 com o discurso pronto para indicar a procuradora Raquel Dodge como substituta de Rodrigo Janot no comando da Procuraria-Geral da Rep\u00fablica. Ela ficou na segunda coloca\u00e7\u00e3o da lista tr\u00edplice fechada hoje, com 587 votos. Os outros dois integrantes s\u00e3o Nicolao Dino (621), que ocupa a lideran\u00e7a, [&hellip;]<\/p>\n","protected":false},"author":22,"featured_media":0,"comment_status":"open","ping_status":"closed","sticky":false,"template":"","format":"standard","meta":{"footnotes":""},"categories":[600],"tags":[2358,111,191,2357,2356,190],"class_list":["post-5181","post","type-post","status-publish","format-standard","hentry","category-economia","tag-lava-lato","tag-michel-temer","tag-pgr","tag-procuradoria-geral-da-republica","tag-raquel-dodge","tag-rodrigo-janot"],"_links":{"self":[{"href":"https:\/\/blogs.correiobraziliense.com.br\/vicente\/wp-json\/wp\/v2\/posts\/5181","targetHints":{"allow":["GET"]}}],"collection":[{"href":"https:\/\/blogs.correiobraziliense.com.br\/vicente\/wp-json\/wp\/v2\/posts"}],"about":[{"href":"https:\/\/blogs.correiobraziliense.com.br\/vicente\/wp-json\/wp\/v2\/types\/post"}],"author":[{"embeddable":true,"href":"https:\/\/blogs.correiobraziliense.com.br\/vicente\/wp-json\/wp\/v2\/users\/22"}],"replies":[{"embeddable":true,"href":"https:\/\/blogs.correiobraziliense.com.br\/vicente\/wp-json\/wp\/v2\/comments?post=5181"}],"version-history":[{"count":1,"href":"https:\/\/blogs.correiobraziliense.com.br\/vicente\/wp-json\/wp\/v2\/posts\/5181\/revisions"}],"predecessor-version":[{"id":5182,"href":"https:\/\/blogs.correiobraziliense.com.br\/vicente\/wp-json\/wp\/v2\/posts\/5181\/revisions\/5182"}],"wp:attachment":[{"href":"https:\/\/blogs.correiobraziliense.com.br\/vicente\/wp-json\/wp\/v2\/media?parent=5181"}],"wp:term":[{"taxonomy":"category","embeddable":true,"href":"https:\/\/blogs.correiobraziliense.com.br\/vicente\/wp-json\/wp\/v2\/categories?post=5181"},{"taxonomy":"post_tag","embeddable":true,"href":"https:\/\/blogs.correiobraziliense.com.br\/vicente\/wp-json\/wp\/v2\/tags?post=5181"}],"curies":[{"name":"wp","href":"https:\/\/api.w.org\/{rel}","templated":true}]}}