{"id":5172,"date":"2017-06-27T06:45:59","date_gmt":"2017-06-27T09:45:59","guid":{"rendered":"https:\/\/blogs.correiobraziliense.com.br\/vicente\/?p=5172"},"modified":"2017-06-27T11:37:19","modified_gmt":"2017-06-27T14:37:19","slug":"mercado-ja-entregou-a-cabeca-de-temer-so-as-reformas-interessam","status":"publish","type":"post","link":"https:\/\/blogs.correiobraziliense.com.br\/vicente\/mercado-ja-entregou-a-cabeca-de-temer-so-as-reformas-interessam\/","title":{"rendered":"Mercado j\u00e1 entregou a cabe\u00e7a de Temer. S\u00f3 as reformas interessam"},"content":{"rendered":"<h2>ANTONIO TEM\u00d3TEO<\/h2>\n<h2><\/h2>\n<h2>Diante da instabilidade pol\u00edtica, os gestores de fundos de a\u00e7\u00f5es e multimercados t\u00eam adotado uma postura conservadora para se protegerem na Bolsa de Valores de S\u00e3o Paulo (B3). Sem a perspectiva de aprova\u00e7\u00e3o da reforma da Previd\u00eancia e as incertezas diante do avan\u00e7o da reforma trabalhista no Senado Federal, o mercado j\u00e1 avalia que as mudan\u00e7as para a concess\u00e3o de aposentadorias s\u00f3 ser\u00e3o apreciadas pelo Congresso Nacional em 2019, ap\u00f3s a escolha do pr\u00f3ximo presidente da Rep\u00fablica.<\/h2>\n<p>&nbsp;<\/p>\n<p>Ontem, a bolsa encerrou o preg\u00e3o com alta de 1,80%, aos 62.188 pontos. A valoriza\u00e7\u00e3o das a\u00e7\u00f5es foi influenciada positivamente pelo recuo do d\u00f3lar, que registrou queda de 1,1%, vendido a R$ 3,302. A eleva\u00e7\u00e3o do pre\u00e7o do petr\u00f3leo e a tranquilidade no mercado internacional favoreceram a melhora dos ativos. Apesar disso, os pr\u00f3ximos dias ser\u00e3o de tens\u00e3o. Analistas e gestores est\u00e3o apreensivos em rela\u00e7\u00e3o \u00e0 vota\u00e7\u00e3o de hoje da reforma trabalhista na Comiss\u00e3o de Constitui\u00e7\u00e3o, Justi\u00e7a e Cidadania (CCJ) do Senado. Uma eventual derrota do governo ser\u00e1 prova de que o pa\u00eds n\u00e3o conseguir\u00e1 reequilibrar as contas p\u00fablicas e, para isso, ter\u00e1 de aumentar impostos.<\/p>\n<p>&nbsp;<\/p>\n<p>Os investidores ainda esperam os desdobramentos da den\u00fancia que a Procuradoria-Geral da Rep\u00fablica (PGR) encaminhou ontem ao Supremo Tribunal Federal (STF) contra o presidente da Rep\u00fablica, Michel Temer. Caber\u00e1 ao Congresso decidir se o chefe do Executivo ser\u00e1 r\u00e9u nas a\u00e7\u00f5es propostas pelo procurador Rodrigo Janot, que acusa Temer de corrup\u00e7\u00e3o passiva. Caber\u00e1 ao ministro do STF Edson Fachin decidir quando enviar\u00e1 a den\u00fancia \u00e0 C\u00e2mara dos Deputados. Para a autoriza\u00e7\u00e3o ser aprovada, s\u00e3o necess\u00e1rios 342 votos. Se a a\u00e7\u00e3o penal for aberta, Temer se tornar\u00e1 r\u00e9u.<\/p>\n<p>&nbsp;<\/p>\n<p>No pedido de abertura de inqu\u00e9rito feito ao Supremo, Janot afirmou que Temer deu anu\u00eancia para a compra de sil\u00eancio do ex-deputado Eduardo Cunha e seu operador, Lucio Funaro, ambos presos. Entre outros elementos, Janot se baseou em parte de um di\u00e1logo do presidente com o empres\u00e1rio Joesley Batista, no Pal\u00e1cio do Jaburu, para sustentar que houve obstru\u00e7\u00e3o de Justi\u00e7a. Na avalia\u00e7\u00e3o do economista-chefe da Opus Investimentos, Jos\u00e9 M\u00e1rcio Camargo, o mercado j\u00e1 precificava a den\u00fancia de Janot. Entretanto, os elementos que embasam a acusa\u00e7\u00e3o podem ou n\u00e3o influenciar o mercado. \u201cSe n\u00e3o ficar provado crime, acredito que os danos ser\u00e3o reduzidos\u201d, pondera.<\/p>\n<p>&nbsp;<\/p>\n<p>Outro analista ouvido reservadamente comenta que a tend\u00eancia \u00e9 de que a bolsa abra em queda j\u00e1 que outras duas den\u00fancias contra Temer devem ser encaminhadas por Janot ao STF. Com isso, a C\u00e2mara seria obrigada a fazer tr\u00eas vota\u00e7\u00f5es para decidir se o presidente ser\u00e1 r\u00e9u. Com isso, o Congresso pode ficar paralisado. \u201cA possibilidade de que isso ocorra frustraria o andamento de vota\u00e7\u00f5es importantes. A tend\u00eancia de paralisia \u00e9 grande\u201d, diz.<\/p>\n<p>&nbsp;<\/p>\n<p><strong>Desdobramentos<\/strong><\/p>\n<p>&nbsp;<\/p>\n<p>O diretor de Renda Vari\u00e1vel da Franklin Templeton Investimentos, Frederico Sampaio, explica que, com juros baixos ao redor do mundo e as sinaliza\u00e7\u00f5es dos bancos centrais das principais economias de que as taxas continuar\u00e3o nesses patamares, os investidores est\u00e3o mais tolerantes em rela\u00e7\u00e3o aos riscos assumidos em pa\u00edses emergentes. \u201cO cen\u00e1rio externo continua favor\u00e1vel e somente uma piora do ambiente internacional afetar\u00e1 o mercado brasileiro\u201d, diz.<\/p>\n<p>&nbsp;<\/p>\n<p>Na vis\u00e3o dele, os gestores t\u00eam adotado uma postura mais conservadora diante da volatilidade no mercado interno. Sampaio explica que a possibilidade de o pa\u00eds registrar o terceiro ano de recess\u00e3o aumenta enquanto a crise pol\u00edtica n\u00e3o \u00e9 resolvida. Por outro lado, o diretor da Franklin Templeton avalia que a fraqueza da atividade econ\u00f4mica mant\u00e9m a porta aberta para que o Banco Central (BC) corte os juros em um ponto percentual. \u201cO BC sinaliza queda de 0,75 ponto, mas a manuten\u00e7\u00e3o do ritmo se justifica com a expectativa de que o Produto Interno Bruto (PIB) ficar\u00e1 pr\u00f3ximo de zero em 2017\u201d, ressalta.<\/p>\n<p>&nbsp;<\/p>\n<p>Com a escalada dos riscos para a recupera\u00e7\u00e3o das contas p\u00fablicas, Sampaio avalia que o eventual fatiamento da reforma da previd\u00eancia e a aprova\u00e7\u00e3o da idade m\u00ednima seriam uma vit\u00f3ria para o pa\u00eds. Ele alerta, entretanto, que tanto o Congresso quanto a popula\u00e7\u00e3o n\u00e3o podem se dar por satisfeitos se somente essa proposta for aprovada. \u201cA reforma precisa ser ampla e tem que ser feita\u201d, afirma.<\/p>\n<p>&nbsp;<\/p>\n<p><em>Bras\u00edlia, 06h45min<\/em><\/p>\n","protected":false},"excerpt":{"rendered":"<p>ANTONIO TEM\u00d3TEO Diante da instabilidade pol\u00edtica, os gestores de fundos de a\u00e7\u00f5es e multimercados t\u00eam adotado uma postura conservadora para se protegerem na Bolsa de Valores de S\u00e3o Paulo (B3). Sem a perspectiva de aprova\u00e7\u00e3o da reforma da Previd\u00eancia e as incertezas diante do avan\u00e7o da reforma trabalhista no Senado Federal, o mercado j\u00e1 avalia [&hellip;]<\/p>\n","protected":false},"author":22,"featured_media":0,"comment_status":"open","ping_status":"closed","sticky":false,"template":"","format":"standard","meta":{"footnotes":""},"categories":[600],"tags":[991,753,111,406,666,1227],"class_list":["post-5172","post","type-post","status-publish","format-standard","hentry","category-economia","tag-bolsa-de-valores","tag-mercado","tag-michel-temer","tag-previdencia-social","tag-reformas","tag-trabalhista"],"_links":{"self":[{"href":"https:\/\/blogs.correiobraziliense.com.br\/vicente\/wp-json\/wp\/v2\/posts\/5172","targetHints":{"allow":["GET"]}}],"collection":[{"href":"https:\/\/blogs.correiobraziliense.com.br\/vicente\/wp-json\/wp\/v2\/posts"}],"about":[{"href":"https:\/\/blogs.correiobraziliense.com.br\/vicente\/wp-json\/wp\/v2\/types\/post"}],"author":[{"embeddable":true,"href":"https:\/\/blogs.correiobraziliense.com.br\/vicente\/wp-json\/wp\/v2\/users\/22"}],"replies":[{"embeddable":true,"href":"https:\/\/blogs.correiobraziliense.com.br\/vicente\/wp-json\/wp\/v2\/comments?post=5172"}],"version-history":[{"count":2,"href":"https:\/\/blogs.correiobraziliense.com.br\/vicente\/wp-json\/wp\/v2\/posts\/5172\/revisions"}],"predecessor-version":[{"id":5179,"href":"https:\/\/blogs.correiobraziliense.com.br\/vicente\/wp-json\/wp\/v2\/posts\/5172\/revisions\/5179"}],"wp:attachment":[{"href":"https:\/\/blogs.correiobraziliense.com.br\/vicente\/wp-json\/wp\/v2\/media?parent=5172"}],"wp:term":[{"taxonomy":"category","embeddable":true,"href":"https:\/\/blogs.correiobraziliense.com.br\/vicente\/wp-json\/wp\/v2\/categories?post=5172"},{"taxonomy":"post_tag","embeddable":true,"href":"https:\/\/blogs.correiobraziliense.com.br\/vicente\/wp-json\/wp\/v2\/tags?post=5172"}],"curies":[{"name":"wp","href":"https:\/\/api.w.org\/{rel}","templated":true}]}}