{"id":5166,"date":"2017-06-26T17:19:43","date_gmt":"2017-06-26T20:19:43","guid":{"rendered":"https:\/\/blogs.correiobraziliense.com.br\/vicente\/?p=5166"},"modified":"2017-06-26T19:22:53","modified_gmt":"2017-06-26T22:22:53","slug":"monica-de-bolle-o-tragico-legado-da-heterodoxia","status":"publish","type":"post","link":"https:\/\/blogs.correiobraziliense.com.br\/vicente\/monica-de-bolle-o-tragico-legado-da-heterodoxia\/","title":{"rendered":"Monica de Bolle: O tr\u00e1gico legado da heterodoxia"},"content":{"rendered":"<h2>O rastro de destrui\u00e7\u00e3o que resultou das pol\u00edticas adotadas nos \u00faltimos anos est\u00e1 amplamente documentado: a recess\u00e3o que n\u00e3o termina, a crise pol\u00edtica em estado permanente de agravamento, o desemprego galopante. Os governos de Lula e, sobretudo, de Dilma, s\u00e3o apontados como os principais causadores do desastre. Contudo, Temer, o lobo n\u00e3o-reformista que fez de tudo para travestir-se de cordeiro reformista, tem sua parcela de culpa ao ter compactuado com a companheira de chapa. Agora, ensaia os primeiros passos do dilmismo falido em tentativa desesperada de salvar o seu mandato.<\/h2>\n<p>&nbsp;<\/p>\n<p>Quem paga por todos os despaut\u00e9rios da antiguidade que permeia a pol\u00edtica nacional e o desgoverno? Evidentemente, toda a sociedade, sobretudo os mais pobres. Ao final de 2016, a Pesquisa Nacional por Amostras de Domic\u00edlios (a Pnad do IBGE) mostrava que cerca de 4 milh\u00f5es de indiv\u00edduos haviam retornado \u00e0 pobreza, condi\u00e7\u00e3o de vida de cerca de 10% da popula\u00e7\u00e3o do Pa\u00eds. O n\u00famero estava associado \u00e0 recess\u00e3o de 2015, quando o PIB encolheu 3,8%. Extrapolando esse resultado para 2016, quando a economia encolheu em magnitude quase semelhante, \u00e9 prov\u00e1vel que ao menos mais uns 3,5 milh\u00f5es de pessoas tenham ca\u00eddo na vala da pobreza, somando mais de 7 milh\u00f5es de \u201cnovos pobres\u201d em apenas dois anos. Por que essas pessoas n\u00e3o conseguiram escapar de destino demasiado cruel?<\/p>\n<p>&nbsp;<\/p>\n<p>De um lado, o tr\u00e1gico legado da heterodoxia brasileira dos \u00faltimos anos foi a aus\u00eancia de uma pol\u00edtica de qualifica\u00e7\u00e3o profissional e de educa\u00e7\u00e3o eficaz. Entre 2003 e 2014, o desemprego caiu vertiginosamente, por\u00e9m impulsionado pela abertura de vagas para pessoas com baixo n\u00edvel educacional, sobretudo no setor de servi\u00e7os. Era inevit\u00e1vel que, quando a conta dos desvarios econ\u00f4micos chegasse, esses indiv\u00edduos seriam atingidos em cheio pela revers\u00e3o de fortunas. Alguns culpam o excesso de assistencialismo pela perpetua\u00e7\u00e3o da pobreza, mas esse \u00e9 bode expiat\u00f3rio demasiado f\u00e1cil. Um pa\u00eds t\u00e3o desigual quanto o Brasil n\u00e3o tem como n\u00e3o se amparar em pol\u00edticas assistencialistas, ainda que o desenho dessas medidas deva sempre ser aprimorado.<\/p>\n<p>&nbsp;<\/p>\n<p>A experi\u00eancia internacional mostra, sem grandes controv\u00e9rsias, que \u00e9 pela via da educa\u00e7\u00e3o que a pobreza \u00e9 reduzida. Mas, os governos anteriores, e, sobretudo o governo atual, n\u00e3o dedicaram muita aten\u00e7\u00e3o a essa quest\u00e3o. Enquanto o governo Temer prepara-se para lan\u00e7ar novo pacote de supostas bondades que mais distor\u00e7\u00f5es econ\u00f4micas dever\u00e1 gerar, aumenta a pobreza e o desalento de uma parte relevante da popula\u00e7\u00e3o para quem as promessas resultaram em desengano. Para os que insistem em defender a estabilidade altamente inst\u00e1vel de Michel Temer, cabe um momento de reflex\u00e3o sobre os pobres do Brasil. Eles, afinal, s\u00e3o ainda muito numerosos. E, a parcela da sociedade que representam s\u00f3 faz aumentar com a pol\u00edtica velha que insiste em se perpetuar.<\/p>\n<p>&nbsp;<\/p>\n<p>(*) Monica de Bolle \u00e9 pesquisadora do Peterson Institute for International Economics, em Washington<\/p>\n","protected":false},"excerpt":{"rendered":"<p>O rastro de destrui\u00e7\u00e3o que resultou das pol\u00edticas adotadas nos \u00faltimos anos est\u00e1 amplamente documentado: a recess\u00e3o que n\u00e3o termina, a crise pol\u00edtica em estado permanente de agravamento, o desemprego galopante. Os governos de Lula e, sobretudo, de Dilma, s\u00e3o apontados como os principais causadores do desastre. Contudo, Temer, o lobo n\u00e3o-reformista que fez de [&hellip;]<\/p>\n","protected":false},"author":22,"featured_media":0,"comment_status":"open","ping_status":"closed","sticky":false,"template":"","format":"standard","meta":{"footnotes":""},"categories":[600],"tags":[2354,2352,2351,2353],"class_list":["post-5166","post","type-post","status-publish","format-standard","hentry","category-economia","tag-heterodoxia","tag-legado","tag-monica-de-bolse","tag-pobreza"],"_links":{"self":[{"href":"https:\/\/blogs.correiobraziliense.com.br\/vicente\/wp-json\/wp\/v2\/posts\/5166","targetHints":{"allow":["GET"]}}],"collection":[{"href":"https:\/\/blogs.correiobraziliense.com.br\/vicente\/wp-json\/wp\/v2\/posts"}],"about":[{"href":"https:\/\/blogs.correiobraziliense.com.br\/vicente\/wp-json\/wp\/v2\/types\/post"}],"author":[{"embeddable":true,"href":"https:\/\/blogs.correiobraziliense.com.br\/vicente\/wp-json\/wp\/v2\/users\/22"}],"replies":[{"embeddable":true,"href":"https:\/\/blogs.correiobraziliense.com.br\/vicente\/wp-json\/wp\/v2\/comments?post=5166"}],"version-history":[{"count":1,"href":"https:\/\/blogs.correiobraziliense.com.br\/vicente\/wp-json\/wp\/v2\/posts\/5166\/revisions"}],"predecessor-version":[{"id":5167,"href":"https:\/\/blogs.correiobraziliense.com.br\/vicente\/wp-json\/wp\/v2\/posts\/5166\/revisions\/5167"}],"wp:attachment":[{"href":"https:\/\/blogs.correiobraziliense.com.br\/vicente\/wp-json\/wp\/v2\/media?parent=5166"}],"wp:term":[{"taxonomy":"category","embeddable":true,"href":"https:\/\/blogs.correiobraziliense.com.br\/vicente\/wp-json\/wp\/v2\/categories?post=5166"},{"taxonomy":"post_tag","embeddable":true,"href":"https:\/\/blogs.correiobraziliense.com.br\/vicente\/wp-json\/wp\/v2\/tags?post=5166"}],"curies":[{"name":"wp","href":"https:\/\/api.w.org\/{rel}","templated":true}]}}